{"id":16469,"date":"2025-06-21T20:17:19","date_gmt":"2025-06-21T20:17:19","guid":{"rendered":"https:\/\/ladepeche.mr\/?p=16469"},"modified":"2025-06-21T20:17:19","modified_gmt":"2025-06-21T20:17:19","slug":"forum-economique-de-saint-petersbourg-la-mauritanie-presente-a-la-28%e1%b5%89-edition","status":"publish","type":"post","link":"https:\/\/ladepeche.mr\/?p=16469","title":{"rendered":"Forum \u00e9conomique de Saint-P\u00e9tersbourg : la Mauritanie pr\u00e9sente \u00e0 la 28\u1d49 \u00e9dition"},"content":{"rendered":"<p>Le Forum \u00e9conomique international de Saint-P\u00e9tersbourg a ouvert ses portes mercredi 18 juin dans la ville \u00e9ponyme, en Russie. Cette 28\u1d49 \u00e9dition, qui se tient jusqu\u2019au 21 juin, rassemble plus de 20 000 participants venus de 140 pays et territoires.<\/p>\n<p>Inaugur\u00e9 par le pr\u00e9sident russe Vladimir Poutine, le forum se d\u00e9roule cette ann\u00e9e sous le th\u00e8me : *\u00ab Les valeurs partag\u00e9es \u2013 fondement de la croissance dans un monde multipolaire \u00bb*. Dans son discours d\u2019ouverture, le chef de l\u2019\u00c9tat russe a soulign\u00e9 l\u2019importance du renforcement de la coop\u00e9ration \u00e9conomique internationale, appelant \u00e0 des partenariats fond\u00e9s sur les int\u00e9r\u00eats communs et le respect mutuel entre les nations.<\/p>\n<p>Parmi les d\u00e9l\u00e9gations pr\u00e9sentes, la Mauritanie prend part \u00e0 cet \u00e9v\u00e9nement \u00e9conomique de premier plan avec une \u00e9quipe de haut niveau. Conduite par Nouey Abeidy, secr\u00e9taire g\u00e9n\u00e9ral du minist\u00e8re de l\u2019Enseignement sup\u00e9rieur, la d\u00e9l\u00e9gation comprend \u00e9galement M. Ezeddine Ould Daddah, charg\u00e9 de mission au minist\u00e8re de l\u2019\u00c9conomie et des Finances, M. Hadrami Ould Khatry, directeur de l\u2019\u00c9valuation des politiques au m\u00eame minist\u00e8re, ainsi que plusieurs cadres issus des secteurs gouvernementaux.<\/p>\n<p>La participation mauritanienne s\u2019inscrit dans une d\u00e9marche strat\u00e9gique visant \u00e0 diversifier les partenariats \u00e9conomiques du pays et \u00e0 explorer de nouvelles opportunit\u00e9s de coop\u00e9ration, en particulier avec la F\u00e9d\u00e9ration de Russie et les autres \u00c9tats repr\u00e9sent\u00e9s au forum.<\/p>\n<p>Consid\u00e9r\u00e9 comme l\u2019un des principaux rendez-vous \u00e9conomiques mondiaux, le Forum de Saint-P\u00e9tersbourg offre une plateforme d\u2019\u00e9change entre d\u00e9cideurs politiques, chefs d\u2019entreprises et experts, autour des enjeux \u00e9conomiques actuels et des perspectives d\u2019investissement global.<\/p>\n","protected":false},"excerpt":{"rendered":"<p>Le Forum \u00e9conomique international de Saint-P\u00e9tersbourg a ouvert ses portes mercredi 18 juin dans la ville \u00e9ponyme, en Russie. Cette 28\u1d49 \u00e9dition, qui se tient jusqu\u2019au 21 juin, rassemble plus de 20 000 participants venus de 140 pays et territoires. Inaugur\u00e9 par le pr\u00e9sident russe Vladimir Poutine, le forum se d\u00e9roule cette ann\u00e9e sous le &hellip;<\/p>\n","protected":false},"author":2,"featured_media":16470,"comment_status":"open","ping_status":"open","sticky":false,"template":"","format":"standard","meta":{"footnotes":""},"categories":[18,2],"tags":[],"class_list":["post-16469","post","type-post","status-publish","format-standard","has-post-thumbnail","hentry","category-actualites","category-economie"],"_links":{"self":[{"href":"https:\/\/ladepeche.mr\/index.php?rest_route=\/wp\/v2\/posts\/16469","targetHints":{"allow":["GET"]}}],"collection":[{"href":"https:\/\/ladepeche.mr\/index.php?rest_route=\/wp\/v2\/posts"}],"about":[{"href":"https:\/\/ladepeche.mr\/index.php?rest_route=\/wp\/v2\/types\/post"}],"author":[{"embeddable":true,"href":"https:\/\/ladepeche.mr\/index.php?rest_route=\/wp\/v2\/users\/2"}],"replies":[{"embeddable":true,"href":"https:\/\/ladepeche.mr\/index.php?rest_route=%2Fwp%2Fv2%2Fcomments&post=16469"}],"version-history":[{"count":1,"href":"https:\/\/ladepeche.mr\/index.php?rest_route=\/wp\/v2\/posts\/16469\/revisions"}],"predecessor-version":[{"id":16471,"href":"https:\/\/ladepeche.mr\/index.php?rest_route=\/wp\/v2\/posts\/16469\/revisions\/16471"}],"wp:featuredmedia":[{"embeddable":true,"href":"https:\/\/ladepeche.mr\/index.php?rest_route=\/wp\/v2\/media\/16470"}],"wp:attachment":[{"href":"https:\/\/ladepeche.mr\/index.php?rest_route=%2Fwp%2Fv2%2Fmedia&parent=16469"}],"wp:term":[{"taxonomy":"category","embeddable":true,"href":"https:\/\/ladepeche.mr\/index.php?rest_route=%2Fwp%2Fv2%2Fcategories&post=16469"},{"taxonomy":"post_tag","embeddable":true,"href":"https:\/\/ladepeche.mr\/index.php?rest_route=%2Fwp%2Fv2%2Ftags&post=16469"}],"curies":[{"name":"wp","href":"https:\/\/api.w.org\/{rel}","templated":true}]}}