{"id":16477,"date":"2025-06-21T23:30:53","date_gmt":"2025-06-21T23:30:53","guid":{"rendered":"https:\/\/ladepeche.mr\/?p=16477"},"modified":"2025-06-21T23:30:53","modified_gmt":"2025-06-21T23:30:53","slug":"un-collectif-danciens-sous-officiers-et-retraites-des-forces-de-securite-rejoint-le-parti-islah","status":"publish","type":"post","link":"https:\/\/ladepeche.mr\/?p=16477","title":{"rendered":"Un Collectif d&#8217;anciens sous-officiers et retrait\u00e9s des forces de s\u00e9curit\u00e9 rejoint le Parti &#8220;Islah&#8221;"},"content":{"rendered":"<p>Le Collectif des anciens sous-officiers et retrait\u00e9s des forces de s\u00e9curit\u00e9 a annonc\u00e9, samedi 21 juin 2025, lors d\u2019une c\u00e9r\u00e9monie organis\u00e9e au si\u00e8ge central du parti, son adh\u00e9sion officiel \u00e0 cette formation politique. La c\u00e9r\u00e9monie s\u2019est tenue en pr\u00e9sence du pr\u00e9sident Me Mohamed Ould Talebna et plusieurs cadres dirigeants et membres du bureau ex\u00e9cutif ainsi que des coordinateurs r\u00e9gionaux du parti.  <\/p>\n<p>Dans son allocution, le pr\u00e9sident, M. Ould Talebna a chaleureusement salu\u00e9 cette adh\u00e9sion, se f\u00e9licitant du choix du collectif de rejoindre les rangs du Parti &#8220;Islah&#8221;. Il a soulign\u00e9 que cette d\u00e9cision renforce la dynamique nationale de construction et de d\u00e9fense du pays. \u00ab Nous sommes heureux de vous avoir \u00e0 nos c\u00f4t\u00e9s pour soutenir le programme du pr\u00e9sident de la R\u00e9publique, Mohamed Ould Cheikh El Ghazouani, que nous avons toujours soutenu pour son approche d\u2019\u00e9conomie sociale et son engagement en faveur des couches les plus vuln\u00e9rables, notamment les retrait\u00e9s \u00bb, a-t-il d\u00e9clar\u00e9.<\/p>\n<p>Le pr\u00e9sident du parti a rappel\u00e9 que, sous l\u2019impulsion du chef de l\u2019\u00c9tat, plusieurs mesures majeures ont \u00e9t\u00e9 prises en faveur des retrait\u00e9s : doublement des pensions, mensualisation de leur versement, droit des veuves \u00e0 percevoir la pension de leurs d\u00e9funts maris, g\u00e9n\u00e9ralisation de l\u2019assurance maladie, et promesses contenues dans le programme pr\u00e9sidentiel \u00ab Ma Vision pour la Nation \u00bb visant \u00e0 am\u00e9liorer encore davantage les conditions de vie des anciens militaires et des familles de martyrs. Il a \u00e9galement mentionn\u00e9 l\u2019int\u00e9gration du suivi des retrait\u00e9s au sein du minist\u00e8re de la D\u00e9fense, dans le but de leur assurer une existence digne et une reconnaissance concr\u00e8te des services rendus \u00e0 la Nation.<\/p>\n<p>Le pr\u00e9sident Mohamed Ould Talebna a aussi salu\u00e9 le patriotisme des retrait\u00e9s des forces de s\u00e9curit\u00e9 et leur disponibilit\u00e9 constante \u00e0 se sacrifier pour leur pays. Il a estim\u00e9 qu\u2019ils sont pleinement l\u00e9gitimes \u00e0 s\u2019impliquer en politique, en raison de leurs qualit\u00e9s de discipline, d&#8217;organisation et de d\u00e9vouement \u2014 des atouts pr\u00e9cieux pour tout parti politique.<\/p>\n<p>Il a affirm\u00e9 que le Parti de la R\u00e9forme soutient r\u00e9solument les efforts du pr\u00e9sident dans sa lutte contre la corruption et pour l&#8217;\u00e9dification d\u2019une Mauritanie stable et prosp\u00e8re, o\u00f9 chaque citoyen pourrait vivre dignement. Il a \u00e9galement assur\u00e9 au collectif qu\u2019il occupera une place importante dans les structures du parti, avec des responsabilit\u00e9s \u00e0 la hauteur de son engagement, tant dans les \u00e9ch\u00e9ances \u00e9lectorales que dans les actions militantes pour d\u00e9fendre le programme pr\u00e9sidentiel et les valeurs du parti.<\/p>\n<p>De son c\u00f4t\u00e9, le porte-parole du collectif, Ahmed Salem Ould Soul\u00e9, a exprim\u00e9 la fiert\u00e9 et la d\u00e9termination de ses membres \u00e0 s\u2019engager pleinement dans les rangs du Parti &#8220;Islah&#8221;. Il a pr\u00e9cis\u00e9 que le collectif, qui regroupe environ 8 000 membres r\u00e9partis sur l\u2019ensemble du territoire national, a pris cette d\u00e9cision apr\u00e8s une \u00e9tude approfondie de la sc\u00e8ne politique et des \u00e9changes s\u00e9rieux avec le parti. Il a salu\u00e9 la solidit\u00e9 de ses structures, son s\u00e9rieux, ses valeurs, et le fait qu\u2019il soit un alli\u00e9 fid\u00e8le du pr\u00e9sident de la R\u00e9publique.<\/p>\n<p>Le collectif a exprim\u00e9 sa reconnaissance pour les actions concr\u00e8tes entreprises par le pr\u00e9sident en faveur des retrait\u00e9s des forces arm\u00e9es et des familles de martyrs. Il a appel\u00e9 \u00e0 la poursuite et au renforcement de ces mesures, notamment en ce qui concerne l\u2019am\u00e9lioration des pensions, la couverture sanitaire et l\u2019acc\u00e8s \u00e0 un logement d\u00e9cent pour chaque famille de militaire.<\/p>\n<p>Enfin, les membres du collectif ont r\u00e9affirm\u00e9 leur attachement ind\u00e9fectible \u00e0 la Nation, assurant qu\u2019ils resteront toujours des d\u00e9fenseurs de l\u2019unit\u00e9 et de la stabilit\u00e9 du pays, refusant de servir, sous quelque forme que ce soit, des agendas visant \u00e0 fragiliser l\u2019\u00c9tat ou \u00e0 semer le d\u00e9sordre. Ils ont, dans ce sens, appel\u00e9 les autorit\u00e9s \u00e0 accorder une attention plus accrue aux militaires retrait\u00e9s.<\/p>\n","protected":false},"excerpt":{"rendered":"<p>Le Collectif des anciens sous-officiers et retrait\u00e9s des forces de s\u00e9curit\u00e9 a annonc\u00e9, samedi 21 juin 2025, lors d\u2019une c\u00e9r\u00e9monie organis\u00e9e au si\u00e8ge central du parti, son adh\u00e9sion officiel \u00e0 cette formation politique. La c\u00e9r\u00e9monie s\u2019est tenue en pr\u00e9sence du pr\u00e9sident Me Mohamed Ould Talebna et plusieurs cadres dirigeants et membres du bureau ex\u00e9cutif ainsi &hellip;<\/p>\n","protected":false},"author":2,"featured_media":16473,"comment_status":"open","ping_status":"open","sticky":false,"template":"","format":"standard","meta":{"footnotes":""},"categories":[18,31],"tags":[],"class_list":["post-16477","post","type-post","status-publish","format-standard","has-post-thumbnail","hentry","category-actualites","category-politique-et-reportages"],"_links":{"self":[{"href":"https:\/\/ladepeche.mr\/index.php?rest_route=\/wp\/v2\/posts\/16477","targetHints":{"allow":["GET"]}}],"collection":[{"href":"https:\/\/ladepeche.mr\/index.php?rest_route=\/wp\/v2\/posts"}],"about":[{"href":"https:\/\/ladepeche.mr\/index.php?rest_route=\/wp\/v2\/types\/post"}],"author":[{"embeddable":true,"href":"https:\/\/ladepeche.mr\/index.php?rest_route=\/wp\/v2\/users\/2"}],"replies":[{"embeddable":true,"href":"https:\/\/ladepeche.mr\/index.php?rest_route=%2Fwp%2Fv2%2Fcomments&post=16477"}],"version-history":[{"count":2,"href":"https:\/\/ladepeche.mr\/index.php?rest_route=\/wp\/v2\/posts\/16477\/revisions"}],"predecessor-version":[{"id":16479,"href":"https:\/\/ladepeche.mr\/index.php?rest_route=\/wp\/v2\/posts\/16477\/revisions\/16479"}],"wp:featuredmedia":[{"embeddable":true,"href":"https:\/\/ladepeche.mr\/index.php?rest_route=\/wp\/v2\/media\/16473"}],"wp:attachment":[{"href":"https:\/\/ladepeche.mr\/index.php?rest_route=%2Fwp%2Fv2%2Fmedia&parent=16477"}],"wp:term":[{"taxonomy":"category","embeddable":true,"href":"https:\/\/ladepeche.mr\/index.php?rest_route=%2Fwp%2Fv2%2Fcategories&post=16477"},{"taxonomy":"post_tag","embeddable":true,"href":"https:\/\/ladepeche.mr\/index.php?rest_route=%2Fwp%2Fv2%2Ftags&post=16477"}],"curies":[{"name":"wp","href":"https:\/\/api.w.org\/{rel}","templated":true}]}}