{"id":16484,"date":"2025-06-22T10:59:06","date_gmt":"2025-06-22T10:59:06","guid":{"rendered":"https:\/\/ladepeche.mr\/?p=16484"},"modified":"2025-06-22T10:59:45","modified_gmt":"2025-06-22T10:59:45","slug":"soutien-politique-a-liran-des-partis-mauritaniens-expriment-leur-soutien-face-aux-attaques","status":"publish","type":"post","link":"https:\/\/ladepeche.mr\/?p=16484","title":{"rendered":"Agression am\u00e9ricaine contre l\u2019Iran : des partis mauritaniens expriment leur soutien face aux attaques"},"content":{"rendered":"<p>Des repr\u00e9sentants de partis politiques mauritaniens, issus \u00e0 la fois de l\u2019opposition et de la majorit\u00e9, ont exprim\u00e9, dimanche, leur solidarit\u00e9 avec l\u2019Iran face \u00e0 l&#8217;agression am\u00e9ricaine. <\/p>\n<p>T\u00e9h\u00e9ran a condamn\u00e9, par la voie de son ministre des affaires \u00e9trang\u00e8res, la violation par les USA de la Charte des Nations Unies et demand\u00e9 une r\u00e9union extraordinaire du conseil de s\u00e9curit\u00e9 pour constater l\u2019agression am\u00e9ricaine.<br \/>\nLors d\u2019une rencontre avec l\u2019ambassadeur d\u2019Iran \u00e0 Nouakchott, les repr\u00e9sentants des partis mauritaniens ont salu\u00e9 la position de la R\u00e9publique islamique et d\u00e9nonc\u00e9 les violations du droit international.<br \/>\nCes responsables politiques ont mis en avant l&#8217;importance du respect de la souverainet\u00e9 des \u00c9tats et des trait\u00e9s internationaux conform\u00e9ment \u00e0 la Charte des Nations Unies.<br \/>\nL\u2019ambassadeur d\u2019Iran en Mauritanie a, pour sa part, remerci\u00e9 les partis politiques pour leur soutien et leur solidarit\u00e9.<br \/>\nLe pr\u00e9sident am\u00e9ricain Donald Trump avait annonc\u00e9, dans la nuit de samedi \u00e0 dimanche, que les \u00c9tats-Unis avaient men\u00e9 des frappes sur trois sites nucl\u00e9aires iraniens : Fordo, Natanz et Ispahan. Ces installations avaient r\u00e9sist\u00e9 aux attaques isra\u00e9liennes lanc\u00e9es depuis le 13 juin.<\/p>\n","protected":false},"excerpt":{"rendered":"<p>Des repr\u00e9sentants de partis politiques mauritaniens, issus \u00e0 la fois de l\u2019opposition et de la majorit\u00e9, ont exprim\u00e9, dimanche, leur solidarit\u00e9 avec l\u2019Iran face \u00e0 l&#8217;agression am\u00e9ricaine. T\u00e9h\u00e9ran a condamn\u00e9, par la voie de son ministre des affaires \u00e9trang\u00e8res, la violation par les USA de la Charte des Nations Unies et demand\u00e9 une r\u00e9union extraordinaire &hellip;<\/p>\n","protected":false},"author":2,"featured_media":16485,"comment_status":"open","ping_status":"open","sticky":false,"template":"","format":"standard","meta":{"footnotes":""},"categories":[18,31],"tags":[],"class_list":["post-16484","post","type-post","status-publish","format-standard","has-post-thumbnail","hentry","category-actualites","category-politique-et-reportages"],"_links":{"self":[{"href":"https:\/\/ladepeche.mr\/index.php?rest_route=\/wp\/v2\/posts\/16484","targetHints":{"allow":["GET"]}}],"collection":[{"href":"https:\/\/ladepeche.mr\/index.php?rest_route=\/wp\/v2\/posts"}],"about":[{"href":"https:\/\/ladepeche.mr\/index.php?rest_route=\/wp\/v2\/types\/post"}],"author":[{"embeddable":true,"href":"https:\/\/ladepeche.mr\/index.php?rest_route=\/wp\/v2\/users\/2"}],"replies":[{"embeddable":true,"href":"https:\/\/ladepeche.mr\/index.php?rest_route=%2Fwp%2Fv2%2Fcomments&post=16484"}],"version-history":[{"count":2,"href":"https:\/\/ladepeche.mr\/index.php?rest_route=\/wp\/v2\/posts\/16484\/revisions"}],"predecessor-version":[{"id":16487,"href":"https:\/\/ladepeche.mr\/index.php?rest_route=\/wp\/v2\/posts\/16484\/revisions\/16487"}],"wp:featuredmedia":[{"embeddable":true,"href":"https:\/\/ladepeche.mr\/index.php?rest_route=\/wp\/v2\/media\/16485"}],"wp:attachment":[{"href":"https:\/\/ladepeche.mr\/index.php?rest_route=%2Fwp%2Fv2%2Fmedia&parent=16484"}],"wp:term":[{"taxonomy":"category","embeddable":true,"href":"https:\/\/ladepeche.mr\/index.php?rest_route=%2Fwp%2Fv2%2Fcategories&post=16484"},{"taxonomy":"post_tag","embeddable":true,"href":"https:\/\/ladepeche.mr\/index.php?rest_route=%2Fwp%2Fv2%2Ftags&post=16484"}],"curies":[{"name":"wp","href":"https:\/\/api.w.org\/{rel}","templated":true}]}}