{"id":16496,"date":"2025-06-22T15:00:54","date_gmt":"2025-06-22T15:00:54","guid":{"rendered":"https:\/\/ladepeche.mr\/?p=16496"},"modified":"2025-06-22T13:37:29","modified_gmt":"2025-06-22T13:37:29","slug":"presidentielle-en-cote-divoire-alassane-ouattara-designe-candidat-par-son-parti","status":"publish","type":"post","link":"https:\/\/ladepeche.mr\/?p=16496","title":{"rendered":"Pr\u00e9sidentielle en C\u00f4te d\u2019Ivoire : Alassane Ouattara d\u00e9sign\u00e9 candidat par son parti"},"content":{"rendered":"<p>Le RHDP a d\u00e9cid\u00e9 de porter la candidature du pr\u00e9sident ivoirien \u00e0 l\u2019\u00e9lection du 25 octobre, lors de son dernier congr\u00e8s. Mais le chef de l\u2019\u00c9tat pas encore confirm\u00e9 s\u2019il allait briguer ou non un quatri\u00e8me mandat. Sa r\u00e9ponse est attendue dimanche 22 juin, lors d\u2019un grand meeting du parti.<\/p>\n<p>Le pr\u00e9sident ivoirien Alassane Ouattara a \u00e9t\u00e9 d\u00e9sign\u00e9 dans la soir\u00e9e du samedi 21 juin candidat \u00e0 la pr\u00e9sidentielle du 25 octobre par son parti, mais il n\u2019a pas encore confirm\u00e9 s\u2019il allait briguer ou non un quatri\u00e8me mandat. Le climat politique en C\u00f4te d\u2019Ivoire est tendu depuis quelques semaines, apr\u00e8s l\u2019exclusion du scrutin, par des d\u00e9cisions de justice, de plusieurs figures de l\u2019opposition.<\/p>\n<p>\u00ab Je soumets \u00e0 l\u2019approbation du congr\u00e8s la d\u00e9cision de la d\u00e9signation du pr\u00e9sident Alassane Ouattara comme candidat du RHDP aux \u00e9lections d\u2019octobre 2025\u2033, a d\u00e9clar\u00e9 Patrick Achi, le pr\u00e9sident du congr\u00e8s du Rassemblement des houphou\u00ebtistes pour la d\u00e9mocratie et la paix (RHDP), organis\u00e9 \u00e0 Abidjan. La d\u00e9signation a \u00e9t\u00e9 adopt\u00e9e par acclamation. Les milliers de congressistes pr\u00e9sents ont accueilli l\u2019annonce par des \u00ab ADO, ADO, ADO \u00bb, le surnom d\u2019Alassane Ouattara, qui a par ailleurs \u00e9t\u00e9 r\u00e9\u00e9lu pr\u00e9sident du parti.<\/p>\n<p>La question d\u2019un \u00e9ventuel quatri\u00e8me mandat d\u2019Alassane Ouattara, qui aura 84 ans en janvier, est sur toutes les l\u00e8vres en C\u00f4te d\u2019Ivoire. Le chef de l\u2019\u00c9tat entretient savamment le suspens depuis des mois, le seul indice public qu\u2019il ait donn\u00e9 \u00e9tant une d\u00e9claration en janvier o\u00f9 il se disait \u00ab d\u00e9sireux de continuer \u00e0 servir son pays \u00bb. Le RHDP, unanime derri\u00e8re sa candidature, a multipli\u00e9 les meetings ces derni\u00e8res semaines dans toutes les r\u00e9gions du pays pour l\u2019appeler \u00e0 se pr\u00e9senter.<\/p>\n<p>D\u00e9lai de r\u00e9flexion ?<br \/>\nD\u00e9sormais intronis\u00e9, Alassane Ouattara doit s\u2019exprimer dimanche lors d\u2019un grand meeting au stade d\u2019Ebimp\u00e9, o\u00f9 la C\u00f4te d\u2019Ivoire avait remport\u00e9 la Coupe d\u2019Afrique des nations en 2024. Reste \u00e0 savoir si le chef de l\u2019\u00c9tat, absent au congr\u00e8s samedi, acceptera imm\u00e9diatement d\u2019endosser le costume du candidat ou s\u2019il s\u2019accordera encore un d\u00e9lai de r\u00e9flexion.<\/p>\n<p>\u00ab Il est oblig\u00e9 d\u2019accepter et d\u2019\u00e9couter le cri de ses enfants qui l\u2019appellent \u00e0 continuer l\u2019aventure \u00bb, pr\u00e9dit Honor\u00e9 Adom, un congressiste de la r\u00e9gion de l\u2019Ind\u00e9ni\u00e9-Djuablin (Est). \u00ab Nous demandons au pr\u00e9sident de se repr\u00e9senter. Nos pri\u00e8res sont tourn\u00e9es vers \u00e7a. Il nous a tellement \u00e9pat\u00e9s, il faut qu\u2019il termine les \u0153uvres qu\u2019il a commenc\u00e9es \u00bb, a lanc\u00e9 Lassana Kon\u00e9, venu du Gbeke (centre).<\/p>\n<p>\u00c0 lire Pr\u00e9sidentielle en C\u00f4te d\u2019Ivoire : Alassane Ouattara, la grande h\u00e9sitation<\/p>\n<p>Samedi, devant plusieurs milliers de congressistes \u00e0 Abidjan, les cadres du parti ont lou\u00e9 le bilan du chef de l\u2019\u00c9tat, au pouvoir depuis 2011. \u00ab La C\u00f4te d\u2019Ivoire a r\u00e9alis\u00e9 des avanc\u00e9es majeures sur le plan \u00e9conomique, social et culturel, avec une croissance soutenue que beaucoup nous envient encore. Nous sommes fiers d\u2019\u00eatre ivoiriens \u00bb, a lanc\u00e9 le vice-pr\u00e9sident du pays, Tiemoko Meyliet Kon\u00e9, lors de la c\u00e9r\u00e9monie d\u2019ouverture.<\/p>\n<p>L\u2019opposition vent debout<br \/>\n\u00ab Gr\u00e2ce \u00e0 lui [Alassane Ouattara], la C\u00f4te d\u2019Ivoire est redevenue une puissance \u00e9conomique en Afrique de l\u2019Ouest, un mod\u00e8le de r\u00e9silience et de stabilit\u00e9, et un havre de paix dans un monde en proie \u00e0 tant d\u2019incertitudes \u00bb, a ajout\u00e9 le ministre de l\u2019\u00c9quipement, Am\u00e9d\u00e9e Koffi Kouakou.<\/p>\n<p>L\u2019opposition, elle, est vent debout contre une telle candidature, a fortiori apr\u00e8s l\u2019exclusion des principales t\u00eate d\u2019affiches de la course. L\u2019ex-pr\u00e9sident Laurent Gbagbo (2000-2011), son ancien bras droit Charles Bl\u00e9 Goud\u00e9 et l\u2019ancien Premier ministre en exil Guillaume Soro sont radi\u00e9s de la liste \u00e9lectorale pour des condamnations en justice.<\/p>\n<p>Tidjane Thiam, leader du principal parti d\u2019opposition, a lui aussi \u00e9t\u00e9 \u00e9cart\u00e9 par la justice pour des probl\u00e8mes de nationalit\u00e9. Il est hors du pays depuis mi-mars. \u00ab Je ne peux pas rester silencieux devant les d\u00e9rives qui veulent nous faire revenir au parti unique. Je n\u2019abandonnerai pas le combat contre le quatri\u00e8me mandat \u00bb, a d\u00e9clar\u00e9 Laurent Gbagbo jeudi 19 juin.<\/p>\n<p>\u00ab Que ceux qui ne sont pas \u00e9ligibles et qui veulent faire un forcing s\u2019abstiennent, parce que cela ne marchera pas \u00bb, a de son c\u00f4t\u00e9 affirm\u00e9 le porte-parole du RHDP, Kobenan Kouassi Adjoumani. Le pouvoir nie toute intervention politique dans le processus \u00e9lectoral, assurant qu\u2019il s\u2019agit de d\u00e9cisions prises par une justice ind\u00e9pendante.<\/p>\n<p>(avec AFP)<br \/>\nhttps:\/\/www.msn.com\/fr-xl\/actualite\/other\/pr%C3%A9sidentielle-en-c%C3%B4te-d-ivoire-alassane-ouattara-d%C3%A9sign%C3%A9-candidat-par-son-parti\/ar-AA1HbyFv?ocid=msedgdhp&#038;pc=U531&#038;cvid=b4671e1f34bd4ef3f7147da630b6286d&#038;ei=19<\/p>\n","protected":false},"excerpt":{"rendered":"<p>Le RHDP a d\u00e9cid\u00e9 de porter la candidature du pr\u00e9sident ivoirien \u00e0 l\u2019\u00e9lection du 25 octobre, lors de son dernier congr\u00e8s. Mais le chef de l\u2019\u00c9tat pas encore confirm\u00e9 s\u2019il allait briguer ou non un quatri\u00e8me mandat. Sa r\u00e9ponse est attendue dimanche 22 juin, lors d\u2019un grand meeting du parti. Le pr\u00e9sident ivoirien Alassane Ouattara &hellip;<\/p>\n","protected":false},"author":2,"featured_media":16497,"comment_status":"open","ping_status":"open","sticky":false,"template":"","format":"standard","meta":{"footnotes":""},"categories":[18,29],"tags":[],"class_list":["post-16496","post","type-post","status-publish","format-standard","has-post-thumbnail","hentry","category-actualites","category-monde"],"_links":{"self":[{"href":"https:\/\/ladepeche.mr\/index.php?rest_route=\/wp\/v2\/posts\/16496","targetHints":{"allow":["GET"]}}],"collection":[{"href":"https:\/\/ladepeche.mr\/index.php?rest_route=\/wp\/v2\/posts"}],"about":[{"href":"https:\/\/ladepeche.mr\/index.php?rest_route=\/wp\/v2\/types\/post"}],"author":[{"embeddable":true,"href":"https:\/\/ladepeche.mr\/index.php?rest_route=\/wp\/v2\/users\/2"}],"replies":[{"embeddable":true,"href":"https:\/\/ladepeche.mr\/index.php?rest_route=%2Fwp%2Fv2%2Fcomments&post=16496"}],"version-history":[{"count":1,"href":"https:\/\/ladepeche.mr\/index.php?rest_route=\/wp\/v2\/posts\/16496\/revisions"}],"predecessor-version":[{"id":16498,"href":"https:\/\/ladepeche.mr\/index.php?rest_route=\/wp\/v2\/posts\/16496\/revisions\/16498"}],"wp:featuredmedia":[{"embeddable":true,"href":"https:\/\/ladepeche.mr\/index.php?rest_route=\/wp\/v2\/media\/16497"}],"wp:attachment":[{"href":"https:\/\/ladepeche.mr\/index.php?rest_route=%2Fwp%2Fv2%2Fmedia&parent=16496"}],"wp:term":[{"taxonomy":"category","embeddable":true,"href":"https:\/\/ladepeche.mr\/index.php?rest_route=%2Fwp%2Fv2%2Fcategories&post=16496"},{"taxonomy":"post_tag","embeddable":true,"href":"https:\/\/ladepeche.mr\/index.php?rest_route=%2Fwp%2Fv2%2Ftags&post=16496"}],"curies":[{"name":"wp","href":"https:\/\/api.w.org\/{rel}","templated":true}]}}