{"id":16499,"date":"2025-06-22T16:38:55","date_gmt":"2025-06-22T16:38:55","guid":{"rendered":"https:\/\/ladepeche.mr\/?p=16499"},"modified":"2025-06-22T16:38:55","modified_gmt":"2025-06-22T16:38:55","slug":"guterres-gravement-alarme-par-les-bombardements-americains-sur-liran","status":"publish","type":"post","link":"https:\/\/ladepeche.mr\/?p=16499","title":{"rendered":"Guterres &#8220;gravement alarm\u00e9&#8221; par les bombardements am\u00e9ricains sur l&#8217;Iran"},"content":{"rendered":"<p>Le Secr\u00e9taire g\u00e9n\u00e9ral de l\u2019ONU, Ant\u00f3nio Guterres, a qualifi\u00e9 de \u00ab dangereuse escalade \u00bb le bombardement par les \u00c9tats-Unis de trois sites nucl\u00e9aires en Iran, apr\u00e8s huit jours d\u2019attaques meurtri\u00e8res et de ripostes entre T\u00e9h\u00e9ran et Tel-Aviv.<\/p>\n<p>\u00ab Je suis gravement pr\u00e9occup\u00e9 par le recours \u00e0 la force par les \u00c9tats-Unis contre l\u2019Iran aujourd\u2019hui \u00bb, a d\u00e9clar\u00e9 le chef de l\u2019ONU, r\u00e9affirmant qu\u2019il n\u2019y avait pas de solution militaire.<\/p>\n<p>\u00ab Il s\u2019agit d\u2019une escalade dangereuse dans une r\u00e9gion d\u00e9j\u00e0 au bord du gouffre, et d\u2019une menace directe pour la paix et la s\u00e9curit\u00e9 internationales \u00bb, a-t-il dit<\/p>\n<p>Le pr\u00e9sident Donald Trump s\u2019est adress\u00e9 \u00e0 la nation dans un discours t\u00e9l\u00e9vis\u00e9 depuis la Maison Blanche \u00e0 22 heures, heure locale, d\u00e9clarant que les installations nucl\u00e9aires iraniennes de Fordow, Natanz et Ispahan avaient \u00e9t\u00e9 \u00ab totalement d\u00e9truites \u00bb, qualifiant le bombardement \u00e0 longue port\u00e9e de \u00ab succ\u00e8s militaire spectaculaire \u00bb.<\/p>\n<p>Il a en outre appel\u00e9 les dirigeants iraniens \u00e0 \u00ab faire la paix \u00bb et \u00e0 reprendre les n\u00e9gociations sur leur programme nucl\u00e9aire, sous peine de subir une vague d\u2019attaques bien plus importante.<\/p>\n<p>Les autorit\u00e9s iraniennes n\u2019ont pas encore confirm\u00e9 l\u2019\u00e9tendue des d\u00e9g\u00e2ts caus\u00e9s aux trois sites situ\u00e9s dans le centre de l\u2019Iran. Plus t\u00f4t dans la journ\u00e9e, le ministre iranien des Affaires \u00e9trang\u00e8res aurait mis en garde les \u00c9tats-Unis contre toute implication dans le conflit entre l\u2019Iran et Isra\u00ebl qui a \u00e9clat\u00e9 le 13 juin.<\/p>\n<p>Frappes meurtri\u00e8res<br \/>\nSelon les chiffres du minist\u00e8re iranien de la Sant\u00e9, au moins 430 Iraniens auraient \u00e9t\u00e9 tu\u00e9s et environ 3.500 bless\u00e9s lors des vagues de frappes qui se sont succ\u00e9d\u00e9 depuis lors.<\/p>\n<p>En Isra\u00ebl, 24 civils ont trouv\u00e9 la mort dans les attaques de repr\u00e9sailles, selon les autorit\u00e9s locales, et plus de 400 missiles auraient \u00e9t\u00e9 tir\u00e9s vers le pays.<\/p>\n<p>Le pr\u00e9sident Trump a confirm\u00e9 que des bombardiers B-2 avaient particip\u00e9 aux frappes am\u00e9ricaines, larguant des bombes dites \u00ab bunker buster \u00bb (anti-bunker) sur le site d\u2019enrichissement d\u2019uranium de Fordow, profond\u00e9ment enfoui dans une montagne au sud de la capitale T\u00e9h\u00e9ran.<\/p>\n<p>\u00c9viter une spirale de chaos<br \/>\nDans sa d\u00e9claration, le Secr\u00e9taire g\u00e9n\u00e9ral a r\u00e9it\u00e9r\u00e9 les pr\u00e9occupations qu\u2019il avait exprim\u00e9es lors de la r\u00e9union d\u2019urgence du Conseil de s\u00e9curit\u00e9 vendredi sur la crise, \u00e0 savoir que le conflit \u00ab pourrait rapidement devenir incontr\u00f4lable, avec des cons\u00e9quences catastrophiques pour les civils, la r\u00e9gion et le monde \u00bb.<\/p>\n<p>Il a appel\u00e9 tous les \u00c9tats membres \u00e0 d\u00e9samorcer la situation qui menace la stabilit\u00e9 du Moyen-Orient et au-del\u00e0, demandant \u00e0 chacun de respecter ses obligations au titre de la Charte des Nations Unies et du droit international.<\/p>\n<p>\u00ab En cette heure p\u00e9rilleuse, il est essentiel d\u2019\u00e9viter une spirale de chaos \u00bb, a ajout\u00e9 le chef de l\u2019ONU, plaidant pour un retour imm\u00e9diat aux n\u00e9gociations entre les parties bellig\u00e9rantes.<\/p>\n<p>\u00ab Il n\u2019y a pas de solution militaire. La seule voie \u00e0 suivre est la diplomatie. Le seul espoir est la paix\u00bb, a insist\u00e9 Guterres.<\/p>\n<p>The post Guterres &#8220;gravement alarm\u00e9&#8221; par les bombardements am\u00e9ricains sur l&#8217;Iran  appeared first on Hespress Fran\u00e7ais &#8211; Actualit\u00e9s du Maroc.<\/p>\n","protected":false},"excerpt":{"rendered":"<p>Le Secr\u00e9taire g\u00e9n\u00e9ral de l\u2019ONU, Ant\u00f3nio Guterres, a qualifi\u00e9 de \u00ab dangereuse escalade \u00bb le bombardement par les \u00c9tats-Unis de trois sites nucl\u00e9aires en Iran, apr\u00e8s huit jours d\u2019attaques meurtri\u00e8res et de ripostes entre T\u00e9h\u00e9ran et Tel-Aviv. \u00ab Je suis gravement pr\u00e9occup\u00e9 par le recours \u00e0 la force par les \u00c9tats-Unis contre l\u2019Iran aujourd\u2019hui \u00bb, &hellip;<\/p>\n","protected":false},"author":2,"featured_media":16500,"comment_status":"open","ping_status":"open","sticky":false,"template":"","format":"standard","meta":{"footnotes":""},"categories":[18,29],"tags":[],"class_list":["post-16499","post","type-post","status-publish","format-standard","has-post-thumbnail","hentry","category-actualites","category-monde"],"_links":{"self":[{"href":"https:\/\/ladepeche.mr\/index.php?rest_route=\/wp\/v2\/posts\/16499","targetHints":{"allow":["GET"]}}],"collection":[{"href":"https:\/\/ladepeche.mr\/index.php?rest_route=\/wp\/v2\/posts"}],"about":[{"href":"https:\/\/ladepeche.mr\/index.php?rest_route=\/wp\/v2\/types\/post"}],"author":[{"embeddable":true,"href":"https:\/\/ladepeche.mr\/index.php?rest_route=\/wp\/v2\/users\/2"}],"replies":[{"embeddable":true,"href":"https:\/\/ladepeche.mr\/index.php?rest_route=%2Fwp%2Fv2%2Fcomments&post=16499"}],"version-history":[{"count":1,"href":"https:\/\/ladepeche.mr\/index.php?rest_route=\/wp\/v2\/posts\/16499\/revisions"}],"predecessor-version":[{"id":16501,"href":"https:\/\/ladepeche.mr\/index.php?rest_route=\/wp\/v2\/posts\/16499\/revisions\/16501"}],"wp:featuredmedia":[{"embeddable":true,"href":"https:\/\/ladepeche.mr\/index.php?rest_route=\/wp\/v2\/media\/16500"}],"wp:attachment":[{"href":"https:\/\/ladepeche.mr\/index.php?rest_route=%2Fwp%2Fv2%2Fmedia&parent=16499"}],"wp:term":[{"taxonomy":"category","embeddable":true,"href":"https:\/\/ladepeche.mr\/index.php?rest_route=%2Fwp%2Fv2%2Fcategories&post=16499"},{"taxonomy":"post_tag","embeddable":true,"href":"https:\/\/ladepeche.mr\/index.php?rest_route=%2Fwp%2Fv2%2Ftags&post=16499"}],"curies":[{"name":"wp","href":"https:\/\/api.w.org\/{rel}","templated":true}]}}