{"id":16502,"date":"2025-06-22T17:30:09","date_gmt":"2025-06-22T17:30:09","guid":{"rendered":"https:\/\/ladepeche.mr\/?p=16502"},"modified":"2025-06-22T16:42:36","modified_gmt":"2025-06-22T16:42:36","slug":"iran-israel-usa-les-pays-arabes-preoccupes-appellent-a-la-retenue","status":"publish","type":"post","link":"https:\/\/ladepeche.mr\/?p=16502","title":{"rendered":"Iran-Isra\u00ebl-USA : les pays arabes &#8220;pr\u00e9occup\u00e9s&#8221;, appellent \u00e0 la retenue"},"content":{"rendered":"<p>Plusieurs \u00c9tats arabes ont affirm\u00e9, dimanche, suivre avec pr\u00e9occupation le d\u00e9veloppement des \u00e9v\u00e9nements, suite \u00e0 l\u2019attaque men\u00e9e par les \u00c9tats-Unis contre des sites nucl\u00e9aires en Iran, appelant \u00e0 la retenue pour \u00e9viter toute escalade.<\/p>\n<p>Ainsi, les \u00c9mirats Arabes Unis ont exprim\u00e9 leur pr\u00e9occupation face \u00e0 la persistance des tensions dans la r\u00e9gion, dont l\u2019attaque des installations nucl\u00e9aires iraniennes. Dans un communiqu\u00e9, le minist\u00e8re des Affaires \u00e9trang\u00e8res appelle \u00e0 \u00ab une cessation imm\u00e9diate de l\u2019escalade afin d\u2019\u00e9viter de graves r\u00e9percussions et un glissement vers de nouveaux niveaux d\u2019instabilit\u00e9 \u00bb, tout en privil\u00e9giant la \u00ab diplomatie et le dialogue \u00bb.<\/p>\n<p>L\u2019\u00c9gypte a \u00e9galement fait part de sa grande pr\u00e9occupation face aux r\u00e9cents d\u00e9veloppements en Iran, d\u00e9non\u00e7ant une escalade aux \u00ab cons\u00e9quences graves \u00bb sur la paix et la s\u00e9curit\u00e9 r\u00e9gionales et internationales.<\/p>\n<p>Dans un communiqu\u00e9, le minist\u00e8re \u00e9gyptien des Affaires \u00e9trang\u00e8res et de l\u2019Immigration a mis en garde contre \u00ab le risque de voir la r\u00e9gion glisser vers plus de chaos et de tensions \u00bb, en plaidant pour \u00ab des solutions politiques et des n\u00e9gociations diplomatiques \u00bb, lesquelles options pouvant mener \u00e0 \u00ab une r\u00e9solution durable \u00bb de la crise.<\/p>\n<p>De son c\u00f4t\u00e9, l\u2019Arabie Saoudite dit suivre avec \u00ab une grande pr\u00e9occupation \u00bb les \u00e9v\u00e9nements en Iran, notamment apr\u00e8s le ciblage par les Etats-Unis d\u2019installations nucl\u00e9aires iraniennes, exhortant, dans ce sens, la communaut\u00e9 internationale \u00e0 redoubler d\u2019efforts pour trouver une solution politique garantissant la stabilit\u00e9 dans la r\u00e9gion.<\/p>\n<p>Tout en d\u00e9plorant la d\u00e9t\u00e9rioration de la situation, le Qatar, quant \u00e0 lui, souligne l\u2019urgence de cesser toutes les op\u00e9rations militaires et de renouer, imm\u00e9diatement, avec le dialogue et les n\u00e9gociations diplomatiques pour r\u00e9soudre les diff\u00e9rends.<\/p>\n<p>Le minist\u00e8re des Affaires \u00e9trang\u00e8res qatari a averti, dans un communiqu\u00e9, que l\u2019escalade actuelle pourrait entra\u00eener des cons\u00e9quences catastrophiques tant au niveau r\u00e9gional qu\u2019international, tout en r\u00e9it\u00e9rant son soutien aux efforts visant \u00e0 apaiser les tensions.<\/p>\n<p>Le Kowe\u00eft a \u00e9galement exprim\u00e9 sa vive inqui\u00e9tude face aux r\u00e9cents d\u00e9veloppements en Iran, qualifiant l\u2019attaque des installations nucl\u00e9aires de \u00ab grave menace pour la s\u00e9curit\u00e9 r\u00e9gionale et mondiale \u00bb. Dans un communiqu\u00e9, le minist\u00e8re des Affaires \u00e9trang\u00e8res a insist\u00e9 sur l\u2019arr\u00eat \u00ab total et imm\u00e9diat \u00bb de toute forme d\u2019escalade et sur l\u2019importance de faire pr\u00e9valoir le dialogue.<\/p>\n<p>En Oman, un porte-parole de la diplomatie a d\u00e9nonc\u00e9 l\u2019attaque a\u00e9rienne directe men\u00e9e par les \u00c9tats-Unis contre des sites en Iran, appelant \u00e0 une d\u00e9sescalade \u00ab imm\u00e9diate et globale \u00bb.<\/p>\n<p>Au Liban, le pr\u00e9sident Joseph Aoun a averti que la recrudescence des affrontements isra\u00e9lo-iraniens et l\u2019attaque contre des installations nucl\u00e9aires iraniennes risquent d&#8217; \u00bb\u00e9largir les tensions \u00bb, mena\u00e7ant, de facto, \u00ab la s\u00e9curit\u00e9 et la stabilit\u00e9 dans plusieurs r\u00e9gions \u00bb, appelant \u00e0 la retenue et \u00e0 des n\u00e9gociations \u00ab constructives et s\u00e9rieuses \u00bb.<\/p>\n<p>Le gouvernement irakien a, pour sa part, condamn\u00e9 l\u2019attaque visant des installations nucl\u00e9aires en Iran, soulignant que cette escalade militaire constitue \u00ab une grave menace pour la paix et la s\u00e9curit\u00e9 au Moyen-Orient \u00bb.<\/p>\n<p>The post Iran-Isra\u00ebl-USA : les pays arabes &#8220;pr\u00e9occup\u00e9s&#8221;, appellent \u00e0 la retenue appeared first on Hespress Fran\u00e7ais &#8211; Actualit\u00e9s du Maroc.<\/p>\n","protected":false},"excerpt":{"rendered":"<p>Plusieurs \u00c9tats arabes ont affirm\u00e9, dimanche, suivre avec pr\u00e9occupation le d\u00e9veloppement des \u00e9v\u00e9nements, suite \u00e0 l\u2019attaque men\u00e9e par les \u00c9tats-Unis contre des sites nucl\u00e9aires en Iran, appelant \u00e0 la retenue pour \u00e9viter toute escalade. Ainsi, les \u00c9mirats Arabes Unis ont exprim\u00e9 leur pr\u00e9occupation face \u00e0 la persistance des tensions dans la r\u00e9gion, dont l\u2019attaque des &hellip;<\/p>\n","protected":false},"author":2,"featured_media":16503,"comment_status":"open","ping_status":"open","sticky":false,"template":"","format":"standard","meta":{"footnotes":""},"categories":[18,29],"tags":[],"class_list":["post-16502","post","type-post","status-publish","format-standard","has-post-thumbnail","hentry","category-actualites","category-monde"],"_links":{"self":[{"href":"https:\/\/ladepeche.mr\/index.php?rest_route=\/wp\/v2\/posts\/16502","targetHints":{"allow":["GET"]}}],"collection":[{"href":"https:\/\/ladepeche.mr\/index.php?rest_route=\/wp\/v2\/posts"}],"about":[{"href":"https:\/\/ladepeche.mr\/index.php?rest_route=\/wp\/v2\/types\/post"}],"author":[{"embeddable":true,"href":"https:\/\/ladepeche.mr\/index.php?rest_route=\/wp\/v2\/users\/2"}],"replies":[{"embeddable":true,"href":"https:\/\/ladepeche.mr\/index.php?rest_route=%2Fwp%2Fv2%2Fcomments&post=16502"}],"version-history":[{"count":1,"href":"https:\/\/ladepeche.mr\/index.php?rest_route=\/wp\/v2\/posts\/16502\/revisions"}],"predecessor-version":[{"id":16504,"href":"https:\/\/ladepeche.mr\/index.php?rest_route=\/wp\/v2\/posts\/16502\/revisions\/16504"}],"wp:featuredmedia":[{"embeddable":true,"href":"https:\/\/ladepeche.mr\/index.php?rest_route=\/wp\/v2\/media\/16503"}],"wp:attachment":[{"href":"https:\/\/ladepeche.mr\/index.php?rest_route=%2Fwp%2Fv2%2Fmedia&parent=16502"}],"wp:term":[{"taxonomy":"category","embeddable":true,"href":"https:\/\/ladepeche.mr\/index.php?rest_route=%2Fwp%2Fv2%2Fcategories&post=16502"},{"taxonomy":"post_tag","embeddable":true,"href":"https:\/\/ladepeche.mr\/index.php?rest_route=%2Fwp%2Fv2%2Ftags&post=16502"}],"curies":[{"name":"wp","href":"https:\/\/api.w.org\/{rel}","templated":true}]}}