{"id":16507,"date":"2025-06-23T20:21:09","date_gmt":"2025-06-23T20:21:09","guid":{"rendered":"https:\/\/ladepeche.mr\/?p=16507"},"modified":"2025-06-23T20:21:09","modified_gmt":"2025-06-23T20:21:09","slug":"mauritanie-la-population-depasse-les-49-millions-dhabitants-selon-le-dernier-recensement","status":"publish","type":"post","link":"https:\/\/ladepeche.mr\/?p=16507","title":{"rendered":"Mauritanie : La population d\u00e9passe les 4,9 millions d\u2019habitants selon le dernier recensement"},"content":{"rendered":"<p>Le minist\u00e8re de l\u2019\u00c9conomie et des Finances a d\u00e9voil\u00e9 ce lundi les r\u00e9sultats finaux du cinqui\u00e8me Recensement G\u00e9n\u00e9ral de la Population et de l\u2019Habitat (RGPH), men\u00e9 en 2023 par l\u2019Agence Nationale de la Statistique et de l\u2019Analyse D\u00e9mographique et \u00c9conomique (ANSADE).<\/p>\n<p>Selon les donn\u00e9es pr\u00e9sent\u00e9es, la population mauritanienne s\u2019\u00e9l\u00e8ve d\u00e9sormais \u00e0 4.927.532 habitants, avec un taux de croissance annuel stable de 3,1 %. Le nombre de m\u00e9nages ordinaires atteint 834.352, avec une taille moyenne de 5,9 personnes par foyer, indiquant un d\u00e9veloppement d\u00e9mographique jug\u00e9 \u00e9quilibr\u00e9.<\/p>\n<p>Le secr\u00e9taire g\u00e9n\u00e9ral du minist\u00e8re, Yacoub Ahmed Aicha, cit\u00e9 par nos confr\u00e8res de l\u2019AMI, a soulign\u00e9 que ce recensement s\u2019inscrit dans le cadre du Plan D\u00e9cennal National de D\u00e9veloppement de la Statistique (2021-2030), visant \u00e0 fournir des donn\u00e9es fiables pour appuyer les politiques publiques de d\u00e9veloppement.<\/p>\n<p>Il a pr\u00e9cis\u00e9 que les r\u00e9sultats serviront d\u2019outil strat\u00e9gique pour les institutions nationales et les partenaires au d\u00e9veloppement afin d\u2019\u00e9valuer, ajuster et renforcer les programmes existants.<\/p>\n<p>Par ailleurs, une base de donn\u00e9es al\u00e9atoire repr\u00e9sentant 10 % de l\u2019ensemble des informations collect\u00e9es a \u00e9t\u00e9 constitu\u00e9e pour les besoins de la recherche. Conforme aux standards m\u00e9thodologiques internationaux, elle permettra aux chercheurs et universitaires d\u2019approfondir l\u2019analyse des dynamiques d\u00e9mographiques, sociales et \u00e9conomiques du pays.<\/p>\n<p>Pr\u00e9sente \u00e0 la c\u00e9r\u00e9monie, la repr\u00e9sentante du Fonds des Nations Unies pour la Population (FNUAP), Mme Olga Sankara, a salu\u00e9 la performance technique de l\u2019ANSADE, estimant que l\u2019agence dispose d\u00e9sormais de l\u2019expertise n\u00e9cessaire pour accompagner d\u2019autres pays dans leurs op\u00e9rations de recensement. Elle a qualifi\u00e9 les donn\u00e9es publi\u00e9es de \u00ab tr\u00e9sor d\u2019informations \u00bb qui marqueront un tournant dans la planification du d\u00e9veloppement national.<\/p>\n","protected":false},"excerpt":{"rendered":"<p>Le minist\u00e8re de l\u2019\u00c9conomie et des Finances a d\u00e9voil\u00e9 ce lundi les r\u00e9sultats finaux du cinqui\u00e8me Recensement G\u00e9n\u00e9ral de la Population et de l\u2019Habitat (RGPH), men\u00e9 en 2023 par l\u2019Agence Nationale de la Statistique et de l\u2019Analyse D\u00e9mographique et \u00c9conomique (ANSADE). Selon les donn\u00e9es pr\u00e9sent\u00e9es, la population mauritanienne s\u2019\u00e9l\u00e8ve d\u00e9sormais \u00e0 4.927.532 habitants, avec un &hellip;<\/p>\n","protected":false},"author":2,"featured_media":10654,"comment_status":"open","ping_status":"open","sticky":false,"template":"","format":"standard","meta":{"footnotes":""},"categories":[18,2],"tags":[],"class_list":["post-16507","post","type-post","status-publish","format-standard","has-post-thumbnail","hentry","category-actualites","category-economie"],"_links":{"self":[{"href":"https:\/\/ladepeche.mr\/index.php?rest_route=\/wp\/v2\/posts\/16507","targetHints":{"allow":["GET"]}}],"collection":[{"href":"https:\/\/ladepeche.mr\/index.php?rest_route=\/wp\/v2\/posts"}],"about":[{"href":"https:\/\/ladepeche.mr\/index.php?rest_route=\/wp\/v2\/types\/post"}],"author":[{"embeddable":true,"href":"https:\/\/ladepeche.mr\/index.php?rest_route=\/wp\/v2\/users\/2"}],"replies":[{"embeddable":true,"href":"https:\/\/ladepeche.mr\/index.php?rest_route=%2Fwp%2Fv2%2Fcomments&post=16507"}],"version-history":[{"count":1,"href":"https:\/\/ladepeche.mr\/index.php?rest_route=\/wp\/v2\/posts\/16507\/revisions"}],"predecessor-version":[{"id":16508,"href":"https:\/\/ladepeche.mr\/index.php?rest_route=\/wp\/v2\/posts\/16507\/revisions\/16508"}],"wp:featuredmedia":[{"embeddable":true,"href":"https:\/\/ladepeche.mr\/index.php?rest_route=\/wp\/v2\/media\/10654"}],"wp:attachment":[{"href":"https:\/\/ladepeche.mr\/index.php?rest_route=%2Fwp%2Fv2%2Fmedia&parent=16507"}],"wp:term":[{"taxonomy":"category","embeddable":true,"href":"https:\/\/ladepeche.mr\/index.php?rest_route=%2Fwp%2Fv2%2Fcategories&post=16507"},{"taxonomy":"post_tag","embeddable":true,"href":"https:\/\/ladepeche.mr\/index.php?rest_route=%2Fwp%2Fv2%2Ftags&post=16507"}],"curies":[{"name":"wp","href":"https:\/\/api.w.org\/{rel}","templated":true}]}}