{"id":16509,"date":"2025-06-23T20:20:18","date_gmt":"2025-06-23T20:20:18","guid":{"rendered":"https:\/\/ladepeche.mr\/?p=16509"},"modified":"2025-06-23T20:20:18","modified_gmt":"2025-06-23T20:20:18","slug":"liran-a-lance-une-attaque-contre-la-base-americaine-dal-udeid-au-qatar","status":"publish","type":"post","link":"https:\/\/ladepeche.mr\/?p=16509","title":{"rendered":"L&#8217;Iran a lanc\u00e9 une attaque contre la base am\u00e9ricaine d&#8217;al-Udeid au Qatar"},"content":{"rendered":"<p>Le Corps des Gardiens de la R\u00e9volution islamique a lanc\u00e9 l&#8217;op\u00e9ration &#8220;Basharat al-Fath&#8221; lundi, selon la cha\u00eene de t\u00e9l\u00e9vision iranienne Irib News.<br \/>\nApr\u00e8s les frappes am\u00e9ricaines du week-end sur des sites nucl\u00e9aires iranien, T\u00e9h\u00e9ran a vis\u00e9 lundi en repr\u00e9sailles la base d&#8217;al-Udeid au Qatar.<br \/>\nBaptis\u00e9e &#8220;Operation Basharat al-Fath&#8221; ,&#8221;Annonciation de la victoire&#8221;, elle a vis\u00e9 la plus grande base militaire am\u00e9ricaine de la r\u00e9gion. Selon les media Qatari, 3 missiles auraient atteint leur cible, et 3 autres auraient \u00e9t\u00e9 abattus par les missiles sol-air Patriot.<\/p>\n<p>La base am\u00e9ricaine d&#8217;al-Udeid comptait pr\u00e8s de 40 avions militaires le 5 juin, la plupart d&#8217;entre eux ont \u00e9t\u00e9 d\u00e9plac\u00e9s entre le 5 et le 19 juin, selon des images satellites de Planet Labs PBC.<br \/>\nLe pr\u00e9sident am\u00e9ricain Donald Trump avait averti que toute base am\u00e9ricaine attaqu\u00e9e exposerait l&#8217;Iran \u00e0 de fortes repr\u00e9sailles.<\/p>\n<p>Selon le New York Times, l&#8217;Iran a coordonn\u00e9 l&#8217;attaque au missile de cette nuit avec des responsables qataris et a pr\u00e9venu \u00e0 l&#8217;avance de l&#8217;imminence des lancements afin de minimiser le nombre de victimes, selon trois responsables iraniens au fait des plans.<br \/>\nDoha a pourtant d\u00e9clar\u00e9 par la voix de son ministre des Affaires \u00e9trang\u00e8res se r\u00e9server le droit de riposter \u00e0 ce qu&#8217;elle qualifie &#8220;d&#8217;agression iranienne flagrante&#8221;.<br \/>\nLe Qatar a pourtant toujours entretenu de bonnes relations avec T\u00e9h\u00e9ran.<br \/>\nLire la suite sur https:\/\/fr.euronews.com\/2025\/06\/23\/liran-a-lance-une-attaque-contre-la-base-americaine-dal-udeid-au-qatar<\/p>\n","protected":false},"excerpt":{"rendered":"<p>Le Corps des Gardiens de la R\u00e9volution islamique a lanc\u00e9 l&#8217;op\u00e9ration &#8220;Basharat al-Fath&#8221; lundi, selon la cha\u00eene de t\u00e9l\u00e9vision iranienne Irib News. Apr\u00e8s les frappes am\u00e9ricaines du week-end sur des sites nucl\u00e9aires iranien, T\u00e9h\u00e9ran a vis\u00e9 lundi en repr\u00e9sailles la base d&#8217;al-Udeid au Qatar. Baptis\u00e9e &#8220;Operation Basharat al-Fath&#8221; ,&#8221;Annonciation de la victoire&#8221;, elle a vis\u00e9 &hellip;<\/p>\n","protected":false},"author":2,"featured_media":16510,"comment_status":"open","ping_status":"open","sticky":false,"template":"","format":"standard","meta":{"footnotes":""},"categories":[18,29],"tags":[],"class_list":["post-16509","post","type-post","status-publish","format-standard","has-post-thumbnail","hentry","category-actualites","category-monde"],"_links":{"self":[{"href":"https:\/\/ladepeche.mr\/index.php?rest_route=\/wp\/v2\/posts\/16509","targetHints":{"allow":["GET"]}}],"collection":[{"href":"https:\/\/ladepeche.mr\/index.php?rest_route=\/wp\/v2\/posts"}],"about":[{"href":"https:\/\/ladepeche.mr\/index.php?rest_route=\/wp\/v2\/types\/post"}],"author":[{"embeddable":true,"href":"https:\/\/ladepeche.mr\/index.php?rest_route=\/wp\/v2\/users\/2"}],"replies":[{"embeddable":true,"href":"https:\/\/ladepeche.mr\/index.php?rest_route=%2Fwp%2Fv2%2Fcomments&post=16509"}],"version-history":[{"count":1,"href":"https:\/\/ladepeche.mr\/index.php?rest_route=\/wp\/v2\/posts\/16509\/revisions"}],"predecessor-version":[{"id":16511,"href":"https:\/\/ladepeche.mr\/index.php?rest_route=\/wp\/v2\/posts\/16509\/revisions\/16511"}],"wp:featuredmedia":[{"embeddable":true,"href":"https:\/\/ladepeche.mr\/index.php?rest_route=\/wp\/v2\/media\/16510"}],"wp:attachment":[{"href":"https:\/\/ladepeche.mr\/index.php?rest_route=%2Fwp%2Fv2%2Fmedia&parent=16509"}],"wp:term":[{"taxonomy":"category","embeddable":true,"href":"https:\/\/ladepeche.mr\/index.php?rest_route=%2Fwp%2Fv2%2Fcategories&post=16509"},{"taxonomy":"post_tag","embeddable":true,"href":"https:\/\/ladepeche.mr\/index.php?rest_route=%2Fwp%2Fv2%2Ftags&post=16509"}],"curies":[{"name":"wp","href":"https:\/\/api.w.org\/{rel}","templated":true}]}}