{"id":16512,"date":"2025-06-23T21:07:38","date_gmt":"2025-06-23T21:07:38","guid":{"rendered":"https:\/\/ladepeche.mr\/?p=16512"},"modified":"2025-06-23T21:07:38","modified_gmt":"2025-06-23T21:07:38","slug":"le-president-de-lassemblee-populaire-nationale-algerienne-en-visite-a-nouakchott","status":"publish","type":"post","link":"https:\/\/ladepeche.mr\/?p=16512","title":{"rendered":"Le pr\u00e9sident de l&#8217;Assembl\u00e9e populaire nationale alg\u00e9rienne en visite \u00e0 Nouakchott"},"content":{"rendered":"<p>Le pr\u00e9sident de l&#8217;Assembl\u00e9e populaire nationale alg\u00e9rienne, Brahim Boughali, effectue une visite de travail de 4 jours en Mauritanie apprend-on de bonne source dans la capitale mauritanienne.<br \/>\nLa visite du responsable alg\u00e9rien intervient \u00e0 l&#8217;invitation du pr\u00e9sident de l&#8217;Assembl\u00e9e nationale mauritanienne, M. Mohamed Bamba Meguett, indique-t-on de m\u00eame source.<br \/>\nCette visite serait plac\u00e9e sous le sceau de l\u2019examen du \u00ab\u00a0renforcer de la coordination et la promouvoir la coop\u00e9ration strat\u00e9gique dans divers domaines\u00a0\u00bb.<br \/>\nLa Mauritanie, rappelle-t-on, entretient de bonnes relations bilat\u00e9rales avec l\u2019Alg\u00e9rie. <\/p>\n","protected":false},"excerpt":{"rendered":"<p>Le pr\u00e9sident de l&#8217;Assembl\u00e9e populaire nationale alg\u00e9rienne, Brahim Boughali, effectue une visite de travail de 4 jours en Mauritanie apprend-on de bonne source dans la capitale mauritanienne. La visite du responsable alg\u00e9rien intervient \u00e0 l&#8217;invitation du pr\u00e9sident de l&#8217;Assembl\u00e9e nationale mauritanienne, M. Mohamed Bamba Meguett, indique-t-on de m\u00eame source. Cette visite serait plac\u00e9e sous le &hellip;<\/p>\n","protected":false},"author":2,"featured_media":16513,"comment_status":"open","ping_status":"open","sticky":false,"template":"","format":"standard","meta":{"footnotes":""},"categories":[18,29],"tags":[],"class_list":["post-16512","post","type-post","status-publish","format-standard","has-post-thumbnail","hentry","category-actualites","category-monde"],"_links":{"self":[{"href":"https:\/\/ladepeche.mr\/index.php?rest_route=\/wp\/v2\/posts\/16512","targetHints":{"allow":["GET"]}}],"collection":[{"href":"https:\/\/ladepeche.mr\/index.php?rest_route=\/wp\/v2\/posts"}],"about":[{"href":"https:\/\/ladepeche.mr\/index.php?rest_route=\/wp\/v2\/types\/post"}],"author":[{"embeddable":true,"href":"https:\/\/ladepeche.mr\/index.php?rest_route=\/wp\/v2\/users\/2"}],"replies":[{"embeddable":true,"href":"https:\/\/ladepeche.mr\/index.php?rest_route=%2Fwp%2Fv2%2Fcomments&post=16512"}],"version-history":[{"count":1,"href":"https:\/\/ladepeche.mr\/index.php?rest_route=\/wp\/v2\/posts\/16512\/revisions"}],"predecessor-version":[{"id":16514,"href":"https:\/\/ladepeche.mr\/index.php?rest_route=\/wp\/v2\/posts\/16512\/revisions\/16514"}],"wp:featuredmedia":[{"embeddable":true,"href":"https:\/\/ladepeche.mr\/index.php?rest_route=\/wp\/v2\/media\/16513"}],"wp:attachment":[{"href":"https:\/\/ladepeche.mr\/index.php?rest_route=%2Fwp%2Fv2%2Fmedia&parent=16512"}],"wp:term":[{"taxonomy":"category","embeddable":true,"href":"https:\/\/ladepeche.mr\/index.php?rest_route=%2Fwp%2Fv2%2Fcategories&post=16512"},{"taxonomy":"post_tag","embeddable":true,"href":"https:\/\/ladepeche.mr\/index.php?rest_route=%2Fwp%2Fv2%2Ftags&post=16512"}],"curies":[{"name":"wp","href":"https:\/\/api.w.org\/{rel}","templated":true}]}}