{"id":16515,"date":"2025-06-23T21:10:27","date_gmt":"2025-06-23T21:10:27","guid":{"rendered":"https:\/\/ladepeche.mr\/?p=16515"},"modified":"2025-06-23T21:10:27","modified_gmt":"2025-06-23T21:10:27","slug":"la-mauritanie-condamne-lagression-contre-le-qatar-et-affirme-sa-pleine-solidarite","status":"publish","type":"post","link":"https:\/\/ladepeche.mr\/?p=16515","title":{"rendered":"La Mauritanie condamne l\u2019agression contre le Qatar et affirme sa pleine solidarit\u00e9"},"content":{"rendered":"<p>La R\u00e9publique Islamique de Mauritanie a annonc\u00e9 qu\u2019elle suivait avec une vive inqui\u00e9tude l\u2019agression subie par l\u2019\u00c9tat fr\u00e8re du Qatar, exprimant sa ferme condamnation et sa d\u00e9nonciation de cette agression qui porte atteinte \u00e0 la souverainet\u00e9 et \u00e0 l\u2019int\u00e9grit\u00e9 territoriale de ce pays et contrevient aux principes de bon voisinage.<\/p>\n<p>La R\u00e9publique Islamique de Mauritanie, dans un communiqu\u00e9 publi\u00e9 par le minist\u00e8re des Affaires \u00e9trang\u00e8res, de la Coop\u00e9ration africaine et des Mauritaniens de l\u2019Ext\u00e9rieur, a exprim\u00e9 sa pleine solidarit\u00e9 avec l\u2019\u00c9tat du Qatar, dirigeants et peuple, et a r\u00e9it\u00e9r\u00e9 son appel \u00e0 la n\u00e9cessit\u00e9 de faire preuve de retenue et de privil\u00e9gier le dialogue et la sagesse afin de pr\u00e9server la s\u00e9curit\u00e9 et la stabilit\u00e9 de la r\u00e9gion.<br \/>\nAmi<\/p>\n","protected":false},"excerpt":{"rendered":"<p>La R\u00e9publique Islamique de Mauritanie a annonc\u00e9 qu\u2019elle suivait avec une vive inqui\u00e9tude l\u2019agression subie par l\u2019\u00c9tat fr\u00e8re du Qatar, exprimant sa ferme condamnation et sa d\u00e9nonciation de cette agression qui porte atteinte \u00e0 la souverainet\u00e9 et \u00e0 l\u2019int\u00e9grit\u00e9 territoriale de ce pays et contrevient aux principes de bon voisinage. La R\u00e9publique Islamique de Mauritanie, &hellip;<\/p>\n","protected":false},"author":2,"featured_media":12224,"comment_status":"open","ping_status":"open","sticky":false,"template":"","format":"standard","meta":{"footnotes":""},"categories":[18,29],"tags":[],"class_list":["post-16515","post","type-post","status-publish","format-standard","has-post-thumbnail","hentry","category-actualites","category-monde"],"_links":{"self":[{"href":"https:\/\/ladepeche.mr\/index.php?rest_route=\/wp\/v2\/posts\/16515","targetHints":{"allow":["GET"]}}],"collection":[{"href":"https:\/\/ladepeche.mr\/index.php?rest_route=\/wp\/v2\/posts"}],"about":[{"href":"https:\/\/ladepeche.mr\/index.php?rest_route=\/wp\/v2\/types\/post"}],"author":[{"embeddable":true,"href":"https:\/\/ladepeche.mr\/index.php?rest_route=\/wp\/v2\/users\/2"}],"replies":[{"embeddable":true,"href":"https:\/\/ladepeche.mr\/index.php?rest_route=%2Fwp%2Fv2%2Fcomments&post=16515"}],"version-history":[{"count":1,"href":"https:\/\/ladepeche.mr\/index.php?rest_route=\/wp\/v2\/posts\/16515\/revisions"}],"predecessor-version":[{"id":16516,"href":"https:\/\/ladepeche.mr\/index.php?rest_route=\/wp\/v2\/posts\/16515\/revisions\/16516"}],"wp:featuredmedia":[{"embeddable":true,"href":"https:\/\/ladepeche.mr\/index.php?rest_route=\/wp\/v2\/media\/12224"}],"wp:attachment":[{"href":"https:\/\/ladepeche.mr\/index.php?rest_route=%2Fwp%2Fv2%2Fmedia&parent=16515"}],"wp:term":[{"taxonomy":"category","embeddable":true,"href":"https:\/\/ladepeche.mr\/index.php?rest_route=%2Fwp%2Fv2%2Fcategories&post=16515"},{"taxonomy":"post_tag","embeddable":true,"href":"https:\/\/ladepeche.mr\/index.php?rest_route=%2Fwp%2Fv2%2Ftags&post=16515"}],"curies":[{"name":"wp","href":"https:\/\/api.w.org\/{rel}","templated":true}]}}