{"id":16517,"date":"2025-06-24T10:11:34","date_gmt":"2025-06-24T10:11:34","guid":{"rendered":"https:\/\/ladepeche.mr\/?p=16517"},"modified":"2025-06-24T10:11:34","modified_gmt":"2025-06-24T10:11:34","slug":"trump-le-cessez-le-feu-entre-israel-et-liran-est-maintenant-en-vigueur","status":"publish","type":"post","link":"https:\/\/ladepeche.mr\/?p=16517","title":{"rendered":"Trump : Le cessez-le-feu entre Isra\u00ebl et l&#8217;Iran est maintenant en vigueur"},"content":{"rendered":"<p>Le pr\u00e9sident am\u00e9ricain Donald Trump a annonc\u00e9, t\u00f4t mardi, l&#8217;entr\u00e9e en vigueur du cessez-le-feu entre l&#8217;Iran et Isra\u00ebl, exhortant les deux parties \u00e0 s&#8217;y conformer.<\/p>\n<p>\u00ab LE CESSEZ-LE-FEU EST MAINTENANT EN VIGUEUR. VEUILLEZ NE PAS LE VIOLER ! \u00bb, a d\u00e9clar\u00e9 Donald Trump sur sa plateforme de m\u00e9dias sociaux, Truth Social.<\/p>\n<p>Lundi, Trump a annonc\u00e9 qu&#8217;Isra\u00ebl et l&#8217;Iran avaient convenu d&#8217;un cessez-le-feu \u00ab complet et total \u00bb, alors que le conflit au Moyen-Orient ne cessait de s&#8217;aggraver.<\/p>\n<p>L&#8217;Iran a lanc\u00e9 une salve de missiles sur la base a\u00e9rienne militaire am\u00e9ricaine d&#8217;Al Udeid au Qatar lundi, marquant une escalade spectaculaire des tensions, apr\u00e8s que les \u00c9tats-Unis ont pris pour cible trois sites nucl\u00e9aires iraniens, dimanche.<\/p>\n<p>Le commandement central am\u00e9ricain (CENTCOM) a d\u00e9clar\u00e9 que les forces am\u00e9ricaines, aux c\u00f4t\u00e9s du Qatar, avaient oppos\u00e9 une d\u00e9fense \u00ab r\u00e9ussie \u00bb \u00e0 l&#8217;attaque, confirmant qu&#8217;il n&#8217;y avait pas eu de victimes parmi le personnel am\u00e9ricain ou qatari.<\/p>\n<p>Les tensions r\u00e9gionales sont mont\u00e9es d&#8217;un cran dimanche, apr\u00e8s que les \u00c9tats-Unis ont bombard\u00e9 les installations nucl\u00e9aires iraniennes de Fordo, Natanz et Ispahan.<\/p>\n<p>Les attaques am\u00e9ricaines marquaient la derni\u00e8re escalade de la campagne militaire lanc\u00e9e, depuis le 13 juin, par Isra\u00ebl contre l&#8217;Iran, avec le soutien des \u00c9tats-Unis, et qui a incit\u00e9 T\u00e9h\u00e9ran \u00e0 lancer des frappes de repr\u00e9sailles contre Isra\u00ebl.<\/p>\n<p>Les autorit\u00e9s isra\u00e9liennes ont d\u00e9clar\u00e9 qu&#8217;au moins 25 personnes ont \u00e9t\u00e9 tu\u00e9es et des centaines d&#8217;autres bless\u00e9es, depuis lors, par des attaques de missiles iraniens.<\/p>\n<p>De son c\u00f4t\u00e9, l&#8217;Iran compte au moins 430 morts et plus de 3 500 bless\u00e9s par les attaques isra\u00e9liennes, selon le minist\u00e8re iranien de la Sant\u00e9.<\/p>\n<p>aa.com.tr<\/p>\n","protected":false},"excerpt":{"rendered":"<p>Le pr\u00e9sident am\u00e9ricain Donald Trump a annonc\u00e9, t\u00f4t mardi, l&#8217;entr\u00e9e en vigueur du cessez-le-feu entre l&#8217;Iran et Isra\u00ebl, exhortant les deux parties \u00e0 s&#8217;y conformer. \u00ab LE CESSEZ-LE-FEU EST MAINTENANT EN VIGUEUR. VEUILLEZ NE PAS LE VIOLER ! \u00bb, a d\u00e9clar\u00e9 Donald Trump sur sa plateforme de m\u00e9dias sociaux, Truth Social. Lundi, Trump a annonc\u00e9 &hellip;<\/p>\n","protected":false},"author":2,"featured_media":16518,"comment_status":"open","ping_status":"open","sticky":false,"template":"","format":"standard","meta":{"footnotes":""},"categories":[18,29],"tags":[],"class_list":["post-16517","post","type-post","status-publish","format-standard","has-post-thumbnail","hentry","category-actualites","category-monde"],"_links":{"self":[{"href":"https:\/\/ladepeche.mr\/index.php?rest_route=\/wp\/v2\/posts\/16517","targetHints":{"allow":["GET"]}}],"collection":[{"href":"https:\/\/ladepeche.mr\/index.php?rest_route=\/wp\/v2\/posts"}],"about":[{"href":"https:\/\/ladepeche.mr\/index.php?rest_route=\/wp\/v2\/types\/post"}],"author":[{"embeddable":true,"href":"https:\/\/ladepeche.mr\/index.php?rest_route=\/wp\/v2\/users\/2"}],"replies":[{"embeddable":true,"href":"https:\/\/ladepeche.mr\/index.php?rest_route=%2Fwp%2Fv2%2Fcomments&post=16517"}],"version-history":[{"count":1,"href":"https:\/\/ladepeche.mr\/index.php?rest_route=\/wp\/v2\/posts\/16517\/revisions"}],"predecessor-version":[{"id":16519,"href":"https:\/\/ladepeche.mr\/index.php?rest_route=\/wp\/v2\/posts\/16517\/revisions\/16519"}],"wp:featuredmedia":[{"embeddable":true,"href":"https:\/\/ladepeche.mr\/index.php?rest_route=\/wp\/v2\/media\/16518"}],"wp:attachment":[{"href":"https:\/\/ladepeche.mr\/index.php?rest_route=%2Fwp%2Fv2%2Fmedia&parent=16517"}],"wp:term":[{"taxonomy":"category","embeddable":true,"href":"https:\/\/ladepeche.mr\/index.php?rest_route=%2Fwp%2Fv2%2Fcategories&post=16517"},{"taxonomy":"post_tag","embeddable":true,"href":"https:\/\/ladepeche.mr\/index.php?rest_route=%2Fwp%2Fv2%2Ftags&post=16517"}],"curies":[{"name":"wp","href":"https:\/\/api.w.org\/{rel}","templated":true}]}}