{"id":16520,"date":"2025-06-24T12:18:03","date_gmt":"2025-06-24T12:18:03","guid":{"rendered":"https:\/\/ladepeche.mr\/?p=16520"},"modified":"2025-06-24T12:18:03","modified_gmt":"2025-06-24T12:18:03","slug":"cessez-le-feu-iran-israel-malgre-les-assurances-de-trump-israel-viole-laccord","status":"publish","type":"post","link":"https:\/\/ladepeche.mr\/?p=16520","title":{"rendered":"Cessez-le feu Iran-Israel: Malgr\u00e9 les assurances de Trump, Israel viole l\u2019accord"},"content":{"rendered":"<p>Le cessez-le feu entre Isra\u00e9l et l\u2019Iran ne tient \u00e0 rien. Malgr\u00e9 les assurances, les r\u00e9flexes belliqueux d\u2019Isra\u00ebl reprennent le dessus. Apr\u00e8s des mois d\u2019escalade militaire au Moyen-Orient, les tensions entre l\u2019Iran, les \u00c9tats-Unis et Isra\u00ebl semblaient marquer un recul.<br \/>\nUn cessez-le-feu a \u00e9t\u00e9 annonc\u00e9 par le pr\u00e9sident am\u00e9ricain D. Trump d\u00e9menti par les faits par trois d\u00e9flagrations enregistr\u00e9es en Iran. Les derniers \u00e9changes de frappes \u2013 notamment celles de l\u2019Iran contre Birseba et une base am\u00e9ricaine au Qatar \u2013 devaient marquer la fin de ce cycle violence, preuve s\u2019il en \u00e9tait que les causes profondes du conflit restent non r\u00e9solues, et que les \u00e9quilibres restent pr\u00e9caires.<\/p>\n<p><strong>Trump monte au cr\u00e9neau <\/strong><br \/>\nLa realpolik que Washington tentait d\u2019imposer au diff\u00e9rend irano-isra\u00e9lien n\u2019aura pas tenu un instant. L\u2019administration am\u00e9ricaine a pourtant montr\u00e9 des signes clairs de sa volont\u00e9 pour une d\u00e9sescalade des hostilit\u00e9s. Le pr\u00e9sident Trump a lui-m\u00eame choisi de ne pas r\u00e9pliquer directement aux derni\u00e8res frappes iraniennes. Cette retenue, qui contraste avec les postures pass\u00e9es, t\u00e9moigne d\u2019un changement d\u2019approche, o\u00f9 l\u2019int\u00e9r\u00eat de sortir d\u2019un conflit co\u00fbteux l\u2019emporte sur les imp\u00e9ratifs de riposte imm\u00e9diate. Mais Israel ne l\u2019entend pas de la m\u00eame oreille et a donc poignard\u00e9 le pr\u00e9sident am\u00e9ricain dans le dos bien qu\u2019il ait endur\u00e9 beaucoup de critiques de son propre camp, notamment du mouvement MAGA, pour avoir choisi d\u2019attaquer par procuration l\u2019Iran. Israel ne lui rend pas la monnaie de sa pi\u00e8ce.<br \/>\nMais si la Maison-Blanche semble vouloir clore ce chapitre, c\u2019est aussi parce que ce conflit, largement nourri par l\u2019hostilit\u00e9 isra\u00e9lienne envers le programme nucl\u00e9aire iranien, a d\u00e9montr\u00e9 ses limites strat\u00e9giques. L\u2019Iran affirme avoir d\u00e9plac\u00e9 les composants cl\u00e9s de son programme nucl\u00e9aire, rendant toute frappe cibl\u00e9e moins efficace. \u00c0 Washington, la relation avec Isra\u00ebl devient plus pesante : soutien traditionnel mais d\u00e9sormais embarrassant, notamment en raison de la ligne dure de Benjamin Netanyahou.<br \/>\nLe Premier ministre isra\u00e9lien s\u2019est engag\u00e9 dans une confrontation directe avec l\u2019Iran en juin 2025, misant sur une d\u00e9stabilisation rapide du r\u00e9gime de T\u00e9h\u00e9ran. Pari perdu. L\u2019arm\u00e9e isra\u00e9lienne, bien que technologiquement avanc\u00e9e, a vu ses d\u00e9fenses satur\u00e9es par des missiles longue port\u00e9e iraniens. Des frappes ont touch\u00e9 Tel Aviv et Ha\u00effa, for\u00e7ant une partie de la population \u00e0 se r\u00e9fugier dans des abris souterrains.<br \/>\nLa perception de l\u2019invuln\u00e9rabilit\u00e9 isra\u00e9lienne a vacill\u00e9. En \u00e0 peine deux semaines, Isra\u00ebl a montr\u00e9 une vuln\u00e9rabilit\u00e9 que peu imaginaient encore. Les capacit\u00e9s de dissuasion du D\u00f4me de fer ont \u00e9t\u00e9 mises \u00e0 rude \u00e9preuve, et l\u2019Iran a profit\u00e9 du chaos pour d\u00e9manteler une partie du r\u00e9seau isra\u00e9lien d\u2019espionnage sur son territoire. Cette guerre-\u00e9clair s\u2019est r\u00e9v\u00e9l\u00e9e co\u00fbteuse sur le plan militaire, mais surtout sur le plan symbolique.<\/p>\n<p><strong>Un isolement croissant d\u2019Isra\u00ebl sur la sc\u00e8ne internationale<\/strong><br \/>\nLes actions militaires de Netanyahou \u2013 en Iran, mais aussi \u00e0 Gaza, en Cisjordanie, au Liban Sud et sur le Golan syrien \u2013 lui ont ali\u00e9n\u00e9 une partie des opinions publiques occidentales, traditionnellement favorables \u00e0 Isra\u00ebl. M\u00eame au sein de la communaut\u00e9 juive am\u00e9ricaine, une fracture se creuse entre les soutiens inconditionnels de l\u2019\u00c9tat h\u00e9breu et ceux qui rejettent ses d\u00e9rives nationalistes et ses violations des droits humains.<br \/>\nL\u2019indignation grandissante face \u00e0 la situation humanitaire \u00e0 Gaza, et la d\u00e9nonciation de l\u2019alignement automatique des \u00c9tats-Unis sur les choix militaires isra\u00e9liens, commencent \u00e0 imploser le consensus politique am\u00e9ricain. Fait in\u00e9dit, certaines voix issues du mouvement MAGA dont des proches du pr\u00e9sident Trump ont critiqu\u00e9 l\u2019implication des \u00c9tats-Unis dans les frappes indirectes contre l\u2019Iran, soulignant un tournant dans le d\u00e9bat public que certains lobbies pro-isra\u00e9liens accusent m\u00eame d\u2019antis\u00e9mitique.<br \/>\nEnfin, et selon le Premier ministre qatari, une condition cl\u00e9 de cet apaisement serait l\u2019engagement des \u00c9tats-Unis \u00e0 faire pression sur Isra\u00ebl pour qu\u2019une issue politique soit trouv\u00e9e \u00e0 Gaza, o\u00f9 la situation humanitaire demeure catastrophique.<br \/>\nSi le cessez-le-feu marque une pause bienvenue, il ne r\u00e9sout pas les enjeux de fond comme le retrait d\u2019israel des territoires arabes qu\u2019il occupe et l\u2019\u00e9rection d\u2019un Etat palestinien que la communaut\u00e9 internationale appelle de ses v\u0153ux pour une solution d\u00e9finitive entre les deux Etats. Mais c\u2019est compter encore sur l\u2019intransigeance de la droite isra\u00e9lienne.<br \/>\n\u00c0 court terme, la d\u00e9sescalade actuelle si elle est respect\u00e9e pourrait s\u2019apparenter \u00e0 une tr\u00eave tactique. Mais sans r\u00e9elle volont\u00e9 politique de transformation des rapports de force, ni r\u00e9vision des strat\u00e9gies r\u00e9gionales, le Moyen-Orient pourrait bien replonger, t\u00f4t ou tard, dans un nouveau cycle de confrontations.<\/p>\n","protected":false},"excerpt":{"rendered":"<p>Le cessez-le feu entre Isra\u00e9l et l\u2019Iran ne tient \u00e0 rien. Malgr\u00e9 les assurances, les r\u00e9flexes belliqueux d\u2019Isra\u00ebl reprennent le dessus. Apr\u00e8s des mois d\u2019escalade militaire au Moyen-Orient, les tensions entre l\u2019Iran, les \u00c9tats-Unis et Isra\u00ebl semblaient marquer un recul. Un cessez-le-feu a \u00e9t\u00e9 annonc\u00e9 par le pr\u00e9sident am\u00e9ricain D. Trump d\u00e9menti par les faits &hellip;<\/p>\n","protected":false},"author":2,"featured_media":16521,"comment_status":"open","ping_status":"open","sticky":false,"template":"","format":"standard","meta":{"footnotes":""},"categories":[18,29],"tags":[],"class_list":["post-16520","post","type-post","status-publish","format-standard","has-post-thumbnail","hentry","category-actualites","category-monde"],"_links":{"self":[{"href":"https:\/\/ladepeche.mr\/index.php?rest_route=\/wp\/v2\/posts\/16520","targetHints":{"allow":["GET"]}}],"collection":[{"href":"https:\/\/ladepeche.mr\/index.php?rest_route=\/wp\/v2\/posts"}],"about":[{"href":"https:\/\/ladepeche.mr\/index.php?rest_route=\/wp\/v2\/types\/post"}],"author":[{"embeddable":true,"href":"https:\/\/ladepeche.mr\/index.php?rest_route=\/wp\/v2\/users\/2"}],"replies":[{"embeddable":true,"href":"https:\/\/ladepeche.mr\/index.php?rest_route=%2Fwp%2Fv2%2Fcomments&post=16520"}],"version-history":[{"count":1,"href":"https:\/\/ladepeche.mr\/index.php?rest_route=\/wp\/v2\/posts\/16520\/revisions"}],"predecessor-version":[{"id":16522,"href":"https:\/\/ladepeche.mr\/index.php?rest_route=\/wp\/v2\/posts\/16520\/revisions\/16522"}],"wp:featuredmedia":[{"embeddable":true,"href":"https:\/\/ladepeche.mr\/index.php?rest_route=\/wp\/v2\/media\/16521"}],"wp:attachment":[{"href":"https:\/\/ladepeche.mr\/index.php?rest_route=%2Fwp%2Fv2%2Fmedia&parent=16520"}],"wp:term":[{"taxonomy":"category","embeddable":true,"href":"https:\/\/ladepeche.mr\/index.php?rest_route=%2Fwp%2Fv2%2Fcategories&post=16520"},{"taxonomy":"post_tag","embeddable":true,"href":"https:\/\/ladepeche.mr\/index.php?rest_route=%2Fwp%2Fv2%2Ftags&post=16520"}],"curies":[{"name":"wp","href":"https:\/\/api.w.org\/{rel}","templated":true}]}}