{"id":16526,"date":"2025-06-24T13:38:51","date_gmt":"2025-06-24T13:38:51","guid":{"rendered":"https:\/\/ladepeche.mr\/?p=16526"},"modified":"2025-06-24T13:38:51","modified_gmt":"2025-06-24T13:38:51","slug":"le-51eme-conseil-des-ministres-des-ae-de-loci-salue-le-role-de-sm-le-roi-president-du-comite-al-qods","status":"publish","type":"post","link":"https:\/\/ladepeche.mr\/?p=16526","title":{"rendered":"Le 51\u00e8me Conseil des ministres des AE de l\u2019OCI salue le r\u00f4le de SM le Roi, pr\u00e9sident du Comit\u00e9 Al Qods"},"content":{"rendered":"<p>Istanbul &#8211; Les ministres des Affaires \u00e9trang\u00e8res des pays membres de l\u2019Organisation de la Coop\u00e9ration islamique (OCI), r\u00e9unis les 21 et 22 juin \u00e0 Istanbul, dans le cadre de la 51\u00e8me session de leur Conseil minist\u00e9riel, ont salu\u00e9 les efforts continus de Sa Majest\u00e9 le Roi Mohammed VI, que Dieu L\u2019Assiste, pr\u00e9sident du Comit\u00e9 Al-Qods, pour la protection des lieux saints \u00e0 Al-Qods Acharif.<br \/>\nDans leur r\u00e9solution sur \u201cla Capitale de l\u2019\u00c9tat de Palestine, Al-Qods Acharif\u201d, les ministres des Affaires \u00e9trang\u00e8res islamiques ont lou\u00e9 le r\u00f4le substantiel jou\u00e9 par l\u2019Agence Bayt Mal Al-Qods Acharif, \u00e0 travers la r\u00e9alisation de plusieurs projets de d\u00e9veloppement au profit de la population de la ville sainte et le soutien \u00e0 sa lutte.<br \/>\nLa D\u00e9claration d\u2019Istanbul a \u00e9galement salu\u00e9 les efforts du Comit\u00e9 Al-Qods, sous la pr\u00e9sidence de Sa Majest\u00e9 le Roi Mohammed VI, et de son bras ex\u00e9cutif, l\u2019Agence Bayt Mal Al-Qods Acharif, pour pr\u00e9server l\u2019identit\u00e9 de la ville sainte en tant que symbole de tol\u00e9rance et de coexistence entre les trois religions monoth\u00e9istes et consacrer son statut juridique.<br \/>\nLe 51\u00e8me Conseil des ministres des Affaires \u00e9trang\u00e8res des pays membres de l&#8217;OCI a cl\u00f4tur\u00e9 ses travaux dimanche par l\u2019adoption de la D\u00e9claration d\u2019Istanbul et de plusieurs r\u00e9solutions portant sur diverses questions politiques, \u00e9conomiques et culturelles concernant le monde islamique.<br \/>\nm\u00e9dias<\/p>\n","protected":false},"excerpt":{"rendered":"<p>Istanbul &#8211; Les ministres des Affaires \u00e9trang\u00e8res des pays membres de l\u2019Organisation de la Coop\u00e9ration islamique (OCI), r\u00e9unis les 21 et 22 juin \u00e0 Istanbul, dans le cadre de la 51\u00e8me session de leur Conseil minist\u00e9riel, ont salu\u00e9 les efforts continus de Sa Majest\u00e9 le Roi Mohammed VI, que Dieu L\u2019Assiste, pr\u00e9sident du Comit\u00e9 Al-Qods, &hellip;<\/p>\n","protected":false},"author":2,"featured_media":16527,"comment_status":"open","ping_status":"open","sticky":false,"template":"","format":"standard","meta":{"footnotes":""},"categories":[18,29],"tags":[],"class_list":["post-16526","post","type-post","status-publish","format-standard","has-post-thumbnail","hentry","category-actualites","category-monde"],"_links":{"self":[{"href":"https:\/\/ladepeche.mr\/index.php?rest_route=\/wp\/v2\/posts\/16526","targetHints":{"allow":["GET"]}}],"collection":[{"href":"https:\/\/ladepeche.mr\/index.php?rest_route=\/wp\/v2\/posts"}],"about":[{"href":"https:\/\/ladepeche.mr\/index.php?rest_route=\/wp\/v2\/types\/post"}],"author":[{"embeddable":true,"href":"https:\/\/ladepeche.mr\/index.php?rest_route=\/wp\/v2\/users\/2"}],"replies":[{"embeddable":true,"href":"https:\/\/ladepeche.mr\/index.php?rest_route=%2Fwp%2Fv2%2Fcomments&post=16526"}],"version-history":[{"count":1,"href":"https:\/\/ladepeche.mr\/index.php?rest_route=\/wp\/v2\/posts\/16526\/revisions"}],"predecessor-version":[{"id":16528,"href":"https:\/\/ladepeche.mr\/index.php?rest_route=\/wp\/v2\/posts\/16526\/revisions\/16528"}],"wp:featuredmedia":[{"embeddable":true,"href":"https:\/\/ladepeche.mr\/index.php?rest_route=\/wp\/v2\/media\/16527"}],"wp:attachment":[{"href":"https:\/\/ladepeche.mr\/index.php?rest_route=%2Fwp%2Fv2%2Fmedia&parent=16526"}],"wp:term":[{"taxonomy":"category","embeddable":true,"href":"https:\/\/ladepeche.mr\/index.php?rest_route=%2Fwp%2Fv2%2Fcategories&post=16526"},{"taxonomy":"post_tag","embeddable":true,"href":"https:\/\/ladepeche.mr\/index.php?rest_route=%2Fwp%2Fv2%2Ftags&post=16526"}],"curies":[{"name":"wp","href":"https:\/\/api.w.org\/{rel}","templated":true}]}}