{"id":16546,"date":"2025-06-25T22:14:42","date_gmt":"2025-06-25T22:14:42","guid":{"rendered":"https:\/\/ladepeche.mr\/?p=16546"},"modified":"2025-06-25T22:14:56","modified_gmt":"2025-06-25T22:14:56","slug":"officiellement-la-rim-103eme-membre-de-la-banque-asiatique-dinvestissement-dans-les-infrastructures","status":"publish","type":"post","link":"https:\/\/ladepeche.mr\/?p=16546","title":{"rendered":"Officiellement, la RIM 103\u00e8me membre de la Banque Asiatique d\u2019Investissement dans les Infrastructures"},"content":{"rendered":"<p>La R\u00e9publique Islamique de Mauritanie a officiellement rejoint, ce mercredi, la Banque asiatique d\u2019investissement dans les infrastructures (AIIB), lors de la r\u00e9union annuelle de son Conseil des gouverneurs, tenue \u00e0 P\u00e9kin, co\u00efncidant avec le dixi\u00e8me anniversaire de la cr\u00e9ation de cette institution financi\u00e8re multilat\u00e9rale.  <\/p>\n<p>L&#8217;acte d\u2019adh\u00e9sion a \u00e9t\u00e9 remis \u00e0 la d\u00e9l\u00e9gation mauritanienne, conduite par le ministre D\u00e9l\u00e9gu\u00e9 aupr\u00e8s du ministre de l\u2019\u00c9conomie et des Finances, charg\u00e9 du Budget, M. Codioro Moussa N\u2019guenore, et comprenant  l&#8217;ambassadeur de notre pays en Chine, SEM. Mohamed Abdellahi Filali, ainsi que Mme Fatimetou Mint Hourma, Conseill\u00e8re technique du ministre de l\u2019\u00c9conomie et des Finances, charg\u00e9e du Secteur Priv\u00e9.  <\/p>\n<p>Le dossier d\u2019adh\u00e9sion ent\u00e9rine la nomination du ministre de l\u2019\u00c9conomie et des Finances, Son Excellence M. Sid\u2019Ahmed Ould Bouh, en tant que Gouverneur de la Mauritanie aupr\u00e8s de l&#8217;AIIB, et celle de  Mme Fatimetou Mint Hourma comme Gouverneure Suppl\u00e9ante.  <\/p>\n<p>Par cette adh\u00e9sion, la Mauritanie franchit une \u00e9tape d\u00e9terminante dans sa strat\u00e9gie visant \u00e0 renforcer ses partenariats financiers internationaux et \u00e0 \u00e9largir l\u2019acc\u00e8s \u00e0 des ressources de financement destin\u00e9es aux projets d\u2019infrastructures, notamment \u00e0 travers les guichets d\u00e9di\u00e9s au secteur priv\u00e9 et les instruments de partenariat public-priv\u00e9 (PPP).<\/p>\n","protected":false},"excerpt":{"rendered":"<p>La R\u00e9publique Islamique de Mauritanie a officiellement rejoint, ce mercredi, la Banque asiatique d\u2019investissement dans les infrastructures (AIIB), lors de la r\u00e9union annuelle de son Conseil des gouverneurs, tenue \u00e0 P\u00e9kin, co\u00efncidant avec le dixi\u00e8me anniversaire de la cr\u00e9ation de cette institution financi\u00e8re multilat\u00e9rale. L&#8217;acte d\u2019adh\u00e9sion a \u00e9t\u00e9 remis \u00e0 la d\u00e9l\u00e9gation mauritanienne, conduite par &hellip;<\/p>\n","protected":false},"author":2,"featured_media":16548,"comment_status":"open","ping_status":"open","sticky":false,"template":"","format":"standard","meta":{"footnotes":""},"categories":[18,2],"tags":[],"class_list":["post-16546","post","type-post","status-publish","format-standard","has-post-thumbnail","hentry","category-actualites","category-economie"],"_links":{"self":[{"href":"https:\/\/ladepeche.mr\/index.php?rest_route=\/wp\/v2\/posts\/16546","targetHints":{"allow":["GET"]}}],"collection":[{"href":"https:\/\/ladepeche.mr\/index.php?rest_route=\/wp\/v2\/posts"}],"about":[{"href":"https:\/\/ladepeche.mr\/index.php?rest_route=\/wp\/v2\/types\/post"}],"author":[{"embeddable":true,"href":"https:\/\/ladepeche.mr\/index.php?rest_route=\/wp\/v2\/users\/2"}],"replies":[{"embeddable":true,"href":"https:\/\/ladepeche.mr\/index.php?rest_route=%2Fwp%2Fv2%2Fcomments&post=16546"}],"version-history":[{"count":2,"href":"https:\/\/ladepeche.mr\/index.php?rest_route=\/wp\/v2\/posts\/16546\/revisions"}],"predecessor-version":[{"id":16549,"href":"https:\/\/ladepeche.mr\/index.php?rest_route=\/wp\/v2\/posts\/16546\/revisions\/16549"}],"wp:featuredmedia":[{"embeddable":true,"href":"https:\/\/ladepeche.mr\/index.php?rest_route=\/wp\/v2\/media\/16548"}],"wp:attachment":[{"href":"https:\/\/ladepeche.mr\/index.php?rest_route=%2Fwp%2Fv2%2Fmedia&parent=16546"}],"wp:term":[{"taxonomy":"category","embeddable":true,"href":"https:\/\/ladepeche.mr\/index.php?rest_route=%2Fwp%2Fv2%2Fcategories&post=16546"},{"taxonomy":"post_tag","embeddable":true,"href":"https:\/\/ladepeche.mr\/index.php?rest_route=%2Fwp%2Fv2%2Ftags&post=16546"}],"curies":[{"name":"wp","href":"https:\/\/api.w.org\/{rel}","templated":true}]}}