{"id":16550,"date":"2025-06-25T22:17:33","date_gmt":"2025-06-25T22:17:33","guid":{"rendered":"https:\/\/ladepeche.mr\/?p=16550"},"modified":"2025-06-25T22:17:33","modified_gmt":"2025-06-25T22:17:33","slug":"maroc-france-partenariat-renforce-entre-la-surete-nationale-marocaine-et-la-police-francaise","status":"publish","type":"post","link":"https:\/\/ladepeche.mr\/?p=16550","title":{"rendered":"Maroc- France- Partenariat renforc\u00e9 entre la S\u00fbret\u00e9 Nationale marocaine et la Police fran\u00e7aise"},"content":{"rendered":"<p>Rabat (MAP)- Le Directeur G\u00e9n\u00e9ral de la S\u00fbret\u00e9 Nationale et de la Surveillance du Territoire, Abdellatif Hammouchi, a sign\u00e9 mardi \u00e0 Rabat, avec le Directeur G\u00e9n\u00e9ral de la Police Nationale fran\u00e7aise, Louis Laugier, un plan d&#8217;action conjoint entre les services de la S\u00fbret\u00e9 nationale marocaine et ceux de la Police nationale fran\u00e7aise.<\/p>\n<p>Ce plan d\u2019action a \u00e9t\u00e9 sign\u00e9 \u00e0 l\u2019occasion de la rencontre tenue entre M. Hammouchi et M. Laugier, accompagn\u00e9 de l&#8217;Ambassadeur de la R\u00e9publique fran\u00e7aise \u00e0 Rabat et d&#8217;une importante d\u00e9l\u00e9gation s\u00e9curitaire, comprenant plusieurs Directeurs des Directions Centrales de la Police nationale fran\u00e7aise, selon un communiqu\u00e9 du Pole DGSN-DGST.<\/p>\n<p>Ledit plan \u2018\u2019 jette les bases d&#8217;une feuille de route conjointe dans le domaine de la lutte contre la criminalit\u00e9 organis\u00e9e transfrontali\u00e8re dans les deux pays fr\u00e8res\u2019\u2019 , pr\u00e9cise la m\u00eame source.<\/p>\n<p>Cette rencontre s&#8217;inscrit dans le cadre de la visite qu\u2019effectue le Directeur G\u00e9n\u00e9ral de la Police nationale fran\u00e7aise dans le Royaume en vue de consolider la coop\u00e9ration s\u00e9curitaire et de renforcer les m\u00e9canismes d\u2019assistance mutuelle dans les divers domaines de coop\u00e9ration polici\u00e8re bilat\u00e9rale.<\/p>\n<p>Ce plan conjoint tire son importance du fait qu&#8217;il permet l\u2019institutionnalisation des m\u00e9canismes de la coop\u00e9ration distingu\u00e9e \u00e9tablie depuis des d\u00e9cennies entre les services s\u00e9curitaires marocains et fran\u00e7ais, et qu&#8217;il favorise le d\u00e9veloppement et l&#8217;\u00e9largissement des domaines de cette coop\u00e9ration de sorte \u00e0 baliser la voie \u00e0 la cr\u00e9ation de groupes de travail conjoints afin de faire face aux diff\u00e9rents d\u00e9fis li\u00e9s au crime organis\u00e9, dont la traque des fugitifs et des personnes recherch\u00e9es au niveau international.<\/p>\n<p>Il ouvre, de m\u00eame, des perspectives prometteuses en mati\u00e8re de coop\u00e9ration s\u00e9curitaire et d&#8217;assistance r\u00e9ciproque entre les services de police du Royaume du Maroc et ceux de la R\u00e9publique fran\u00e7aise, pour la hisser \u00e0 la hauteur des relations distingu\u00e9es unissant les deux pays amis, et d&#8217;un partenariat strat\u00e9gique durable dans les domaines de la formation, d\u2019\u00e9change d\u2019informations, d\u2019assistance technique et de coop\u00e9ration op\u00e9rationnelle.<\/p>\n<p>M. Laugier a, dans ce sens, fait part de sa profonde gratitude aux services de s\u00fbret\u00e9 nationale et de surveillance du territoire pour leur r\u00f4le dans l\u2019appui \u00e0 la s\u00e9curit\u00e9 fran\u00e7aise dans la lutte contre la menace terroriste, la traque et l\u2019interpellation de plusieurs individus recherch\u00e9s par la justice fran\u00e7aise dans le cadre d\u2019affaires li\u00e9es au crime organis\u00e9 et la s\u00e9curisation des Jeux olympiques de Paris.<br \/>\nIl a \u00e9galement fait part de la volont\u00e9 et de la disposition de la France \u00e0 offrir toute forme d\u2019appui possible en vue d\u2019aider la police marocaine en mati\u00e8re de protocoles de s\u00fbret\u00e9 pour s\u00e9curiser les manifestations sportives internationales que le Maroc abritera \u00e0 l&#8217;avenir.<\/p>\n<p>Parall\u00e8lement aux s\u00e9ances de travail tenues entre les deux parties, l&#8217;Ambassadeur de la R\u00e9publique fran\u00e7aise \u00e0 Rabat, Christophe Lecourtier, a remis les insignes d\u2019Officier de la L\u00e9gion d&#8217;Honneur, dont les autorit\u00e9s fran\u00e7aises ont d\u00e9cor\u00e9 le Directeur g\u00e9n\u00e9ral de la S\u00fbret\u00e9 nationale et de la Surveillance du territoire, Abdellatif Hammouchi et ce, conform\u00e9ment aux c\u00e9r\u00e9monial et protocole en vigueur conform\u00e9ment \u00e0 la proc\u00e9dure d\u2019attribution des hautes d\u00e9corations accord\u00e9es par la R\u00e9publique fran\u00e7aise.<\/p>\n<p>La partie fran\u00e7aise a affirm\u00e9 que l&#8217;attribution \u00e0 M. Hammouchi de la plus haute et prestigieuse des d\u00e9corations fran\u00e7aises constitue une reconnaissance et une confirmation du r\u00f4le pionnier qu\u2019assument les services de s\u00fbret\u00e9 nationale dans le cadre des efforts internationaux de lutte contre le terrorisme et le crime organis\u00e9.<\/p>\n<p>Cette distinction t\u00e9moigne \u00e9galement de l\u2019efficacit\u00e9 de l\u2019assistance mutuelle en mati\u00e8re de s\u00e9curit\u00e9 entre les deux pays, au service des questions de s\u00e9curit\u00e9 commune.<br \/>\nLe Directeur G\u00e9n\u00e9ral de la S\u00fbret\u00e9 Nationale et de la Surveillance du Territoire a eu des entretiens avec M. Laugier, ax\u00e9s sur l&#8217;\u00e9valuation du niveau de coop\u00e9ration bilat\u00e9rale dans le domaine s\u00e9curitaire, l&#8217;examen de diverses questions d&#8217;int\u00e9r\u00eat commun et l\u2019exploration de nouveaux m\u00e9canismes visant \u00e0 renforcer l\u2019assistance entre les deux parties afin de garantir les plus hauts niveaux de pr\u00e9paration pour neutraliser les diff\u00e9rents risques et menaces s\u00e9curitaires.<\/p>\n<p>La visite du Directeur G\u00e9n\u00e9ral de la Police nationale fran\u00e7aise illustre l&#8217;importance et le niveau de coop\u00e9ration entre les services de s\u00fbret\u00e9 nationale du Royaume et la Police nationale fran\u00e7aise. Elle traduit \u00e9galement la volont\u00e9 des deux parties de renforcer l\u2019assistance mutuelle et la coop\u00e9ration op\u00e9rationnelle afin d&#8217;atteindre le plus haut niveau de pr\u00e9paration pour faire face aux diff\u00e9rentes menaces et risques qui guettent la s\u00e9curit\u00e9 des deux pays, conclut le communiqu\u00e9.<br \/>\n(M\u00e9dias)<\/p>\n","protected":false},"excerpt":{"rendered":"<p>Rabat (MAP)- Le Directeur G\u00e9n\u00e9ral de la S\u00fbret\u00e9 Nationale et de la Surveillance du Territoire, Abdellatif Hammouchi, a sign\u00e9 mardi \u00e0 Rabat, avec le Directeur G\u00e9n\u00e9ral de la Police Nationale fran\u00e7aise, Louis Laugier, un plan d&#8217;action conjoint entre les services de la S\u00fbret\u00e9 nationale marocaine et ceux de la Police nationale fran\u00e7aise. Ce plan d\u2019action &hellip;<\/p>\n","protected":false},"author":2,"featured_media":16551,"comment_status":"open","ping_status":"open","sticky":false,"template":"","format":"standard","meta":{"footnotes":""},"categories":[18,29],"tags":[],"class_list":["post-16550","post","type-post","status-publish","format-standard","has-post-thumbnail","hentry","category-actualites","category-monde"],"_links":{"self":[{"href":"https:\/\/ladepeche.mr\/index.php?rest_route=\/wp\/v2\/posts\/16550","targetHints":{"allow":["GET"]}}],"collection":[{"href":"https:\/\/ladepeche.mr\/index.php?rest_route=\/wp\/v2\/posts"}],"about":[{"href":"https:\/\/ladepeche.mr\/index.php?rest_route=\/wp\/v2\/types\/post"}],"author":[{"embeddable":true,"href":"https:\/\/ladepeche.mr\/index.php?rest_route=\/wp\/v2\/users\/2"}],"replies":[{"embeddable":true,"href":"https:\/\/ladepeche.mr\/index.php?rest_route=%2Fwp%2Fv2%2Fcomments&post=16550"}],"version-history":[{"count":1,"href":"https:\/\/ladepeche.mr\/index.php?rest_route=\/wp\/v2\/posts\/16550\/revisions"}],"predecessor-version":[{"id":16552,"href":"https:\/\/ladepeche.mr\/index.php?rest_route=\/wp\/v2\/posts\/16550\/revisions\/16552"}],"wp:featuredmedia":[{"embeddable":true,"href":"https:\/\/ladepeche.mr\/index.php?rest_route=\/wp\/v2\/media\/16551"}],"wp:attachment":[{"href":"https:\/\/ladepeche.mr\/index.php?rest_route=%2Fwp%2Fv2%2Fmedia&parent=16550"}],"wp:term":[{"taxonomy":"category","embeddable":true,"href":"https:\/\/ladepeche.mr\/index.php?rest_route=%2Fwp%2Fv2%2Fcategories&post=16550"},{"taxonomy":"post_tag","embeddable":true,"href":"https:\/\/ladepeche.mr\/index.php?rest_route=%2Fwp%2Fv2%2Ftags&post=16550"}],"curies":[{"name":"wp","href":"https:\/\/api.w.org\/{rel}","templated":true}]}}