{"id":16558,"date":"2025-06-26T00:35:53","date_gmt":"2025-06-26T00:35:53","guid":{"rendered":"https:\/\/ladepeche.mr\/?p=16558"},"modified":"2025-06-26T00:35:53","modified_gmt":"2025-06-26T00:35:53","slug":"les-dirigeants-de-lotan-se-reunissent-pour-discuter-dune-hausse-historique-des-depenses-de-defense","status":"publish","type":"post","link":"https:\/\/ladepeche.mr\/?p=16558","title":{"rendered":"Les dirigeants de l\u2019OTAN se r\u00e9unissent pour discuter d\u2019une hausse historique des d\u00e9penses de d\u00e9fense"},"content":{"rendered":"<p>L\u2019Alliance est sur le point de prendre \u00ab des d\u00e9cisions conduisant \u00e0 une augmentation sans pr\u00e9c\u00e9dent de nos d\u00e9penses de d\u00e9fense collective et \u00e0 un nouvel \u00e9quilibre financier au sein de notre alliance \u00bb, d\u00e9clare le chef de l\u2019OTAN.<br \/>\nLes dirigeants de l\u2019OTAN se sont r\u00e9unis mercredi \u00e0 La Haye pour un sommet historique visant \u00e0 renforcer l\u2019alliance face \u00e0 la mont\u00e9e des menaces mondiales, alors que le secr\u00e9taire g\u00e9n\u00e9ral Mark Rutte a propos\u00e9 que tous les \u00c9tats membres consacrent 5 % de leur PIB aux d\u00e9penses de d\u00e9fense.<\/p>\n<p>Dans son discours d\u2019ouverture, Rutte a qualifi\u00e9 l\u2019environnement s\u00e9curitaire actuel de \u00ab dangereux \u00bb pour le milliard de citoyens de l\u2019alliance, \u00e9voquant la guerre de la Russie contre l\u2019Ukraine, les conflits au Moyen-Orient, la mont\u00e9e du terrorisme et les d\u00e9fis technologiques.<\/p>\n<p>L\u2019OTAN est sur le point de prendre \u00ab des d\u00e9cisions conduisant \u00e0 une augmentation sans pr\u00e9c\u00e9dent de nos d\u00e9penses de d\u00e9fense collective et \u00e0 un nouvel \u00e9quilibre financier au sein de l\u2019alliance \u00bb, a-t-il d\u00e9clar\u00e9.<\/p>\n<p>\u00ab Face \u00e0 cela, nous faisons front commun, unis dans l\u2019OTAN, l\u2019alliance d\u00e9fensive la plus puissante de l\u2019histoire du monde \u00bb, a soulign\u00e9 Rutte.<\/p>\n<p>\u00ab Notre engagement constant envers l\u2019article 5, selon lequel une attaque contre l\u2019un est une attaque contre tous, envoie un message fort \u00bb, a-t-il ajout\u00e9.<\/p>\n<p>L\u2019objectif de d\u00e9penses de d\u00e9fense port\u00e9 \u00e0 5 % repr\u00e9sente un tournant majeur par rapport au seuil actuel de 2 %, visant \u00e0 renforcer les capacit\u00e9s de d\u00e9fense essentielles et les investissements li\u00e9s \u00e0 la s\u00e9curit\u00e9.<\/p>\n<p>Rutte a expliqu\u00e9 que cette \u00e9volution est n\u00e9cessaire pour soutenir les plans op\u00e9rationnels de l\u2019OTAN et am\u00e9liorer l\u2019\u00e9tat de pr\u00e9paration global.<\/p>\n<p>\u00ab Cela rend aussi l\u2019OTAN plus \u00e9quitable \u00bb, a-t-il affirm\u00e9.<\/p>\n<p>\u00ab Pendant trop longtemps, un seul alli\u00e9, les \u00c9tats-Unis, a support\u00e9 une part excessive du fardeau. Cela change aujourd\u2019hui \u00bb, a-t-il d\u00e9clar\u00e9.<\/p>\n<p>Rutte a \u00e9galement salu\u00e9 le pr\u00e9sident am\u00e9ricain Donald Trump pour avoir lanc\u00e9 le d\u00e9bat sur le partage des charges.<\/p>\n<p>\u00ab Pr\u00e9sident Trump, cher Donald, c\u2019est gr\u00e2ce \u00e0 vous que ce changement a \u00e9t\u00e9 possible \u00bb, a-t-il d\u00e9clar\u00e9, rappelant que les alli\u00e9s europ\u00e9ens ont d\u00e9j\u00e0 augment\u00e9 leurs d\u00e9penses de 1000 milliards de dollars depuis 2016, avec encore plus \u00e0 venir dans le cadre du nouveau plan.<\/p>\n<p>aa.com.tr<\/p>\n","protected":false},"excerpt":{"rendered":"<p>L\u2019Alliance est sur le point de prendre \u00ab des d\u00e9cisions conduisant \u00e0 une augmentation sans pr\u00e9c\u00e9dent de nos d\u00e9penses de d\u00e9fense collective et \u00e0 un nouvel \u00e9quilibre financier au sein de notre alliance \u00bb, d\u00e9clare le chef de l\u2019OTAN. Les dirigeants de l\u2019OTAN se sont r\u00e9unis mercredi \u00e0 La Haye pour un sommet historique visant &hellip;<\/p>\n","protected":false},"author":2,"featured_media":16559,"comment_status":"open","ping_status":"open","sticky":false,"template":"","format":"standard","meta":{"footnotes":""},"categories":[18,29],"tags":[],"class_list":["post-16558","post","type-post","status-publish","format-standard","has-post-thumbnail","hentry","category-actualites","category-monde"],"_links":{"self":[{"href":"https:\/\/ladepeche.mr\/index.php?rest_route=\/wp\/v2\/posts\/16558","targetHints":{"allow":["GET"]}}],"collection":[{"href":"https:\/\/ladepeche.mr\/index.php?rest_route=\/wp\/v2\/posts"}],"about":[{"href":"https:\/\/ladepeche.mr\/index.php?rest_route=\/wp\/v2\/types\/post"}],"author":[{"embeddable":true,"href":"https:\/\/ladepeche.mr\/index.php?rest_route=\/wp\/v2\/users\/2"}],"replies":[{"embeddable":true,"href":"https:\/\/ladepeche.mr\/index.php?rest_route=%2Fwp%2Fv2%2Fcomments&post=16558"}],"version-history":[{"count":1,"href":"https:\/\/ladepeche.mr\/index.php?rest_route=\/wp\/v2\/posts\/16558\/revisions"}],"predecessor-version":[{"id":16560,"href":"https:\/\/ladepeche.mr\/index.php?rest_route=\/wp\/v2\/posts\/16558\/revisions\/16560"}],"wp:featuredmedia":[{"embeddable":true,"href":"https:\/\/ladepeche.mr\/index.php?rest_route=\/wp\/v2\/media\/16559"}],"wp:attachment":[{"href":"https:\/\/ladepeche.mr\/index.php?rest_route=%2Fwp%2Fv2%2Fmedia&parent=16558"}],"wp:term":[{"taxonomy":"category","embeddable":true,"href":"https:\/\/ladepeche.mr\/index.php?rest_route=%2Fwp%2Fv2%2Fcategories&post=16558"},{"taxonomy":"post_tag","embeddable":true,"href":"https:\/\/ladepeche.mr\/index.php?rest_route=%2Fwp%2Fv2%2Ftags&post=16558"}],"curies":[{"name":"wp","href":"https:\/\/api.w.org\/{rel}","templated":true}]}}