{"id":16568,"date":"2025-06-26T13:52:31","date_gmt":"2025-06-26T13:52:31","guid":{"rendered":"https:\/\/ladepeche.mr\/?p=16568"},"modified":"2025-06-26T13:52:31","modified_gmt":"2025-06-26T13:52:31","slug":"le-mef-recoit-la-coordinatrice-residente-du-systeme-des-nu-en-mauritanie","status":"publish","type":"post","link":"https:\/\/ladepeche.mr\/?p=16568","title":{"rendered":"Le MEF re\u00e7oit la coordinatrice r\u00e9sidente du Syst\u00e8me des NU en Mauritanie"},"content":{"rendered":"<p>Son Excellence le ministre de l\u2019\u00c9conomie et des Finances, M. Sid&#8217;Ahmed Ould Bouh, a re\u00e7u en audience,  jeudi matin dans son bureau \u00e0 Nouakchott, la coordinatrice r\u00e9sidente du Syst\u00e8me des Nations Unies en Mauritanie, Mme Lila Pieters Yahia. <\/p>\n<p>Les \u00e9changes ont port\u00e9 sur les moyens de renforcer la coop\u00e9ration entre la Mauritanie et le Syst\u00e8me des Nations Unies, notamment dans le domaine du d\u00e9veloppement, ainsi que sur plusieurs questions d\u2019int\u00e9r\u00eat commun.<\/p>\n<p>La rencontre s\u2019est d\u00e9roul\u00e9e en pr\u00e9sence du directeur adjoint des politiques et  strat\u00e9gies de d\u00e9veloppement, M. Abderrahmane Dedy.<\/p>\n","protected":false},"excerpt":{"rendered":"<p>Son Excellence le ministre de l\u2019\u00c9conomie et des Finances, M. Sid&#8217;Ahmed Ould Bouh, a re\u00e7u en audience, jeudi matin dans son bureau \u00e0 Nouakchott, la coordinatrice r\u00e9sidente du Syst\u00e8me des Nations Unies en Mauritanie, Mme Lila Pieters Yahia. Les \u00e9changes ont port\u00e9 sur les moyens de renforcer la coop\u00e9ration entre la Mauritanie et le Syst\u00e8me &hellip;<\/p>\n","protected":false},"author":2,"featured_media":16566,"comment_status":"open","ping_status":"open","sticky":false,"template":"","format":"standard","meta":{"footnotes":""},"categories":[18,2],"tags":[],"class_list":["post-16568","post","type-post","status-publish","format-standard","has-post-thumbnail","hentry","category-actualites","category-economie"],"_links":{"self":[{"href":"https:\/\/ladepeche.mr\/index.php?rest_route=\/wp\/v2\/posts\/16568","targetHints":{"allow":["GET"]}}],"collection":[{"href":"https:\/\/ladepeche.mr\/index.php?rest_route=\/wp\/v2\/posts"}],"about":[{"href":"https:\/\/ladepeche.mr\/index.php?rest_route=\/wp\/v2\/types\/post"}],"author":[{"embeddable":true,"href":"https:\/\/ladepeche.mr\/index.php?rest_route=\/wp\/v2\/users\/2"}],"replies":[{"embeddable":true,"href":"https:\/\/ladepeche.mr\/index.php?rest_route=%2Fwp%2Fv2%2Fcomments&post=16568"}],"version-history":[{"count":1,"href":"https:\/\/ladepeche.mr\/index.php?rest_route=\/wp\/v2\/posts\/16568\/revisions"}],"predecessor-version":[{"id":16569,"href":"https:\/\/ladepeche.mr\/index.php?rest_route=\/wp\/v2\/posts\/16568\/revisions\/16569"}],"wp:featuredmedia":[{"embeddable":true,"href":"https:\/\/ladepeche.mr\/index.php?rest_route=\/wp\/v2\/media\/16566"}],"wp:attachment":[{"href":"https:\/\/ladepeche.mr\/index.php?rest_route=%2Fwp%2Fv2%2Fmedia&parent=16568"}],"wp:term":[{"taxonomy":"category","embeddable":true,"href":"https:\/\/ladepeche.mr\/index.php?rest_route=%2Fwp%2Fv2%2Fcategories&post=16568"},{"taxonomy":"post_tag","embeddable":true,"href":"https:\/\/ladepeche.mr\/index.php?rest_route=%2Fwp%2Fv2%2Ftags&post=16568"}],"curies":[{"name":"wp","href":"https:\/\/api.w.org\/{rel}","templated":true}]}}