{"id":16573,"date":"2025-06-26T20:20:39","date_gmt":"2025-06-26T20:20:39","guid":{"rendered":"https:\/\/ladepeche.mr\/?p=16573"},"modified":"2025-06-26T20:21:17","modified_gmt":"2025-06-26T20:21:17","slug":"lan-renvoie-5-projets-devant-les-commissions-et-decide-de-linterpellation-de-ministres","status":"publish","type":"post","link":"https:\/\/ladepeche.mr\/?p=16573","title":{"rendered":"L&#8217;AN renvoie 5 projets de lois devant les commissions et d\u00e9cide de l&#8217;interpellation de ministres"},"content":{"rendered":"<p>La Conf\u00e9rence des Pr\u00e9sidents de l\u2019Assembl\u00e9e nationale s\u2019est r\u00e9unie jeudi sous la pr\u00e9sidence de Mohamed Bamba Meguett, pr\u00e9sident de l\u2019institution, pour examiner un ensemble de textes l\u00e9gislatifs majeurs pr\u00e9sent\u00e9s par le gouvernement.<br \/>\nLe ministre de la Culture, des Arts, de la Communication et des Relations avec le Parlement, El Houssein Ould Meddou, \u00e9galement porte-parole du gouvernement, repr\u00e9sentait l\u2019ex\u00e9cutif lors de cette s\u00e9ance.<br \/>\nAu cours de la r\u00e9union, cinq projets de loi ont \u00e9t\u00e9 soumis \u00e0 l\u2019examen des pr\u00e9sidents de commissions. Il s&#8217;agit d&#8217;un projet de loi autorisant la ratification d\u2019un accord sign\u00e9 avec la Banque centrale de Mauritanie, portant sur la modification des modalit\u00e9s de remboursement des dettes de l\u2019\u00c9tat pour l\u2019ann\u00e9e 2018, assorti d\u2019une cession immobili\u00e8re d\u2019un immeuble de 15 \u00e9tages. Un autre projet porte sur l&#8217;accord de financement avec l\u2019Association internationale de d\u00e9veloppement (IDA), conclu en mai 2025, en faveur du projet d\u2019autonomisation des femmes et de soutien au dividende d\u00e9mographique en Afrique subsaharienne. L&#8217;AN s&#8217;est \u00e9galement pench\u00e9e sur l&#8217;accord sign\u00e9 avec l\u2019IDA en mars 2025, relatif au financement du projet de corridor de transport d\u2019\u00e9lectricit\u00e9 en Mauritanie, dans le cadre du march\u00e9 r\u00e9gional de l\u2019\u00e9lectricit\u00e9 en Afrique de l\u2019Ouest; celui du pr\u00eat conclu avec l\u2019Agence fran\u00e7aise de d\u00e9veloppement (AFD), destin\u00e9 \u00e0 appuyer un projet d\u2019infrastructure \u00e9lectrique dans le sud du pays, incluant la centrale solaire de Kiffa et enfin un projet concernant la r\u00e9organisation de l\u2019activit\u00e9 industrielle.<br \/>\nTous ces projets ont \u00e9t\u00e9 renvoy\u00e9s devant les commissions comp\u00e9tentes, notamment celles des finances et des affaires \u00e9conomiques, pour une \u00e9tude approfondie.<br \/>\nPar ailleurs, la Conf\u00e9rence a pris acte de plusieurs questions orales soumises par des d\u00e9put\u00e9s \u00e0 des membres du gouvernement, et a fix\u00e9 le calendrier des prochaines s\u00e9ances pl\u00e9ni\u00e8res.<\/p>\n","protected":false},"excerpt":{"rendered":"<p>La Conf\u00e9rence des Pr\u00e9sidents de l\u2019Assembl\u00e9e nationale s\u2019est r\u00e9unie jeudi sous la pr\u00e9sidence de Mohamed Bamba Meguett, pr\u00e9sident de l\u2019institution, pour examiner un ensemble de textes l\u00e9gislatifs majeurs pr\u00e9sent\u00e9s par le gouvernement. Le ministre de la Culture, des Arts, de la Communication et des Relations avec le Parlement, El Houssein Ould Meddou, \u00e9galement porte-parole du &hellip;<\/p>\n","protected":false},"author":2,"featured_media":16574,"comment_status":"open","ping_status":"open","sticky":false,"template":"","format":"standard","meta":{"footnotes":""},"categories":[18,31],"tags":[],"class_list":["post-16573","post","type-post","status-publish","format-standard","has-post-thumbnail","hentry","category-actualites","category-politique-et-reportages"],"_links":{"self":[{"href":"https:\/\/ladepeche.mr\/index.php?rest_route=\/wp\/v2\/posts\/16573","targetHints":{"allow":["GET"]}}],"collection":[{"href":"https:\/\/ladepeche.mr\/index.php?rest_route=\/wp\/v2\/posts"}],"about":[{"href":"https:\/\/ladepeche.mr\/index.php?rest_route=\/wp\/v2\/types\/post"}],"author":[{"embeddable":true,"href":"https:\/\/ladepeche.mr\/index.php?rest_route=\/wp\/v2\/users\/2"}],"replies":[{"embeddable":true,"href":"https:\/\/ladepeche.mr\/index.php?rest_route=%2Fwp%2Fv2%2Fcomments&post=16573"}],"version-history":[{"count":2,"href":"https:\/\/ladepeche.mr\/index.php?rest_route=\/wp\/v2\/posts\/16573\/revisions"}],"predecessor-version":[{"id":16576,"href":"https:\/\/ladepeche.mr\/index.php?rest_route=\/wp\/v2\/posts\/16573\/revisions\/16576"}],"wp:featuredmedia":[{"embeddable":true,"href":"https:\/\/ladepeche.mr\/index.php?rest_route=\/wp\/v2\/media\/16574"}],"wp:attachment":[{"href":"https:\/\/ladepeche.mr\/index.php?rest_route=%2Fwp%2Fv2%2Fmedia&parent=16573"}],"wp:term":[{"taxonomy":"category","embeddable":true,"href":"https:\/\/ladepeche.mr\/index.php?rest_route=%2Fwp%2Fv2%2Fcategories&post=16573"},{"taxonomy":"post_tag","embeddable":true,"href":"https:\/\/ladepeche.mr\/index.php?rest_route=%2Fwp%2Fv2%2Ftags&post=16573"}],"curies":[{"name":"wp","href":"https:\/\/api.w.org\/{rel}","templated":true}]}}