{"id":16580,"date":"2025-06-26T21:00:42","date_gmt":"2025-06-26T21:00:42","guid":{"rendered":"https:\/\/ladepeche.mr\/?p=16580"},"modified":"2025-06-26T20:39:45","modified_gmt":"2025-06-26T20:39:45","slug":"la-mauritanie-recoit-son-certificat-dintegration-a-la-banque-asiatique-dinvestissement-dans-les-infrastructures","status":"publish","type":"post","link":"https:\/\/ladepeche.mr\/?p=16580","title":{"rendered":"La Mauritanie re\u00e7oit son certificat d\u2019int\u00e9gration \u00e0 la Banque asiatique d\u2019investissement dans les infrastructures"},"content":{"rendered":"<p>En marge de la r\u00e9union des gouverneurs de la Banque asiatique d\u2019investissement dans les infrastructures (AIIB), la Mauritanie a officiellement concr\u00e9tis\u00e9 son adh\u00e9sion \u00e0 l\u2019institution financi\u00e8re internationale. Le ministre d\u00e9l\u00e9gu\u00e9 charg\u00e9 du Budget, M. Codioro Moussa N\u2019guenore, a re\u00e7u jeudi le certificat confirmant la contribution financi\u00e8re du pays au capital de la Banque.<br \/>\nCette remise de certificat marque l\u2019int\u00e9gration pleine et enti\u00e8re de la Mauritanie au sein de l\u2019AIIB, ouvrant la voie \u00e0 un partenariat renforc\u00e9 dans les domaines strat\u00e9giques du d\u00e9veloppement.<br \/>\nLors d\u2019un entretien avec le vice-pr\u00e9sident de l\u2019AIIB, Dr Ludger Schuknecht, le ministre mauritanien a \u00e9voqu\u00e9 les priorit\u00e9s de son pays en mati\u00e8re d\u2019investissement. Les \u00e9changes ont port\u00e9 sur les opportunit\u00e9s de financement que la Banque pourrait mobiliser, en particulier au profit du secteur priv\u00e9, dans des secteurs jug\u00e9s prioritaires : acc\u00e8s \u00e0 l\u2019eau potable, infrastructures, transition \u00e9nerg\u00e9tique, et entrepreneuriat f\u00e9minin.<br \/>\nM. N\u2019guenore a pr\u00e9sent\u00e9 les projets phares inscrits \u00e0 l\u2019agenda du gouvernement, insistant sur la n\u00e9cessit\u00e9 de mettre en place des m\u00e9canismes de financement adapt\u00e9s pour leur r\u00e9alisation.<br \/>\n\u00c0 l\u2019issue de la rencontre, les deux parties ont convenu d\u2019entamer, dans les prochaines semaines, l\u2019\u00e9laboration d\u2019un plan d\u2019investissement conjoint. Objectif : structurer la coop\u00e9ration bilat\u00e9rale autour de projets concrets \u00e0 fort impact \u00e9conomique et social.<br \/>\n(avec communiqu\u00e9)<\/p>\n","protected":false},"excerpt":{"rendered":"<p>En marge de la r\u00e9union des gouverneurs de la Banque asiatique d\u2019investissement dans les infrastructures (AIIB), la Mauritanie a officiellement concr\u00e9tis\u00e9 son adh\u00e9sion \u00e0 l\u2019institution financi\u00e8re internationale. Le ministre d\u00e9l\u00e9gu\u00e9 charg\u00e9 du Budget, M. Codioro Moussa N\u2019guenore, a re\u00e7u jeudi le certificat confirmant la contribution financi\u00e8re du pays au capital de la Banque. Cette remise &hellip;<\/p>\n","protected":false},"author":2,"featured_media":16581,"comment_status":"open","ping_status":"open","sticky":false,"template":"","format":"standard","meta":{"footnotes":""},"categories":[18,2],"tags":[],"class_list":["post-16580","post","type-post","status-publish","format-standard","has-post-thumbnail","hentry","category-actualites","category-economie"],"_links":{"self":[{"href":"https:\/\/ladepeche.mr\/index.php?rest_route=\/wp\/v2\/posts\/16580","targetHints":{"allow":["GET"]}}],"collection":[{"href":"https:\/\/ladepeche.mr\/index.php?rest_route=\/wp\/v2\/posts"}],"about":[{"href":"https:\/\/ladepeche.mr\/index.php?rest_route=\/wp\/v2\/types\/post"}],"author":[{"embeddable":true,"href":"https:\/\/ladepeche.mr\/index.php?rest_route=\/wp\/v2\/users\/2"}],"replies":[{"embeddable":true,"href":"https:\/\/ladepeche.mr\/index.php?rest_route=%2Fwp%2Fv2%2Fcomments&post=16580"}],"version-history":[{"count":1,"href":"https:\/\/ladepeche.mr\/index.php?rest_route=\/wp\/v2\/posts\/16580\/revisions"}],"predecessor-version":[{"id":16582,"href":"https:\/\/ladepeche.mr\/index.php?rest_route=\/wp\/v2\/posts\/16580\/revisions\/16582"}],"wp:featuredmedia":[{"embeddable":true,"href":"https:\/\/ladepeche.mr\/index.php?rest_route=\/wp\/v2\/media\/16581"}],"wp:attachment":[{"href":"https:\/\/ladepeche.mr\/index.php?rest_route=%2Fwp%2Fv2%2Fmedia&parent=16580"}],"wp:term":[{"taxonomy":"category","embeddable":true,"href":"https:\/\/ladepeche.mr\/index.php?rest_route=%2Fwp%2Fv2%2Fcategories&post=16580"},{"taxonomy":"post_tag","embeddable":true,"href":"https:\/\/ladepeche.mr\/index.php?rest_route=%2Fwp%2Fv2%2Ftags&post=16580"}],"curies":[{"name":"wp","href":"https:\/\/api.w.org\/{rel}","templated":true}]}}