{"id":16583,"date":"2025-06-26T22:31:28","date_gmt":"2025-06-26T22:31:28","guid":{"rendered":"https:\/\/ladepeche.mr\/?p=16583"},"modified":"2025-06-26T22:37:48","modified_gmt":"2025-06-26T22:37:48","slug":"conseil-de-leurope-choisir-entre-les-valeurs-communes-ou-les-renier","status":"publish","type":"post","link":"https:\/\/ladepeche.mr\/?p=16583","title":{"rendered":"Conseil de l&#8217;Europe: D\u00e9fendre des valeurs communes ou les renier."},"content":{"rendered":"<p>\u00c0 l\u2019occasion du sommet des dirigeants europ\u00e9ens tenu ce jeudi 26 juin, les divisions au sein de l\u2019Union europ\u00e9enne concernant la guerre \u00e0 Gaza sont apparues une nouvelle fois au grand jour. Alors qu\u2019une majorit\u00e9 de pays membres souhaite revoir l\u2019accord d\u2019association entre l\u2019UE et Isra\u00ebl, d&#8217;autres \u2013 au premier rang desquels l\u2019Allemagne, l\u2019Italie et la Hongrie \u2013 s&#8217;opposent \u00e0 toute sanction contre le r\u00e9gime extr\u00e9miste de B. Netanyahu.<br \/>\nDix-sept \u00c9tats membres plaident pour une r\u00e9\u00e9valuation de l&#8217;accord, invoquant les violations r\u00e9p\u00e9t\u00e9es des droits de l\u2019homme par Isra\u00ebl dans les territoires palestiniens. Face \u00e0 eux, un groupe de neuf pays, emmen\u00e9 par Berlin, d\u00e9fend le statu quo actuel. Non, le groupe de Berlin d\u00e9fend la poursuite de la colonisation isra\u00e9lienne et les massacres perp\u00e9tr\u00e9s contre la populations palestiniennes.<br \/>\nUne position qui cristallise les tensions, tant sur le plan diplomatique qu&#8217;au sein de l\u2019opinion publique europ\u00e9enne.<br \/>\nSous la direction du chancelier Olaf Scholz, l\u2019Allemagne s\u2019\u00e9tait d\u00e9j\u00e0 distingu\u00e9e, au lendemain du 7 octobre 2023, par un soutien militaire, financier et diplomatique pour le gouvernement isra\u00e9lien. Ce soutien se poursuit aujourd\u2019hui avec l\u2019arriv\u00e9e au pouvoir, en mai dernier, du conservateur Friedrich Merz. Malgr\u00e9 les critiques qui fusent de la soci\u00e9t\u00e9 civile allemande et internationale, Berlin continue de fournir des armes et un appui politique \u00e0 Tel-Aviv, y compris dans le cadre de l\u2019offensive militaire \u00e0 Gaza, largement d\u00e9nonc\u00e9e pour ses cons\u00e9quences humanitaires.<br \/>\nLa position allemande s\u2019accompagne d\u2019un encadrement strict des manifestations pro-palestiniennes, ce qui a suscit\u00e9 des critiques sur la libert\u00e9 d\u2019expression. Une libert\u00e9 \u00e0 g\u00e9om\u00e9trie variable d\u00e8s qu\u2019il s\u2019agit de d\u00e9noncer le g\u00e9nocide \u00e0 Gaza. Certains observateurs estiment que le complexe historique du g\u00e9nocide juif joue un r\u00f4le central dans cette posture du gouvernement allemand. De la Shoah aux massacres de Gaza, le gouvernement allemand s\u2019enlise dans ses choix..<br \/>\nUne fracture entre gouvernements et opinions publiques en Europe est bien perceptible suivant le prisme palestinien. Alors que les grandes villes europ\u00e9ennes sont r\u00e9guli\u00e8rement le th\u00e9\u00e2tre de manifestations pro-palestiniennes, les gouvernements de certains \u00c9tats semblent peu enclins \u00e0 entendre les d\u00e9nonciations en cours. Cette dissonance entre les \u00e9lites politiques et leurs opinions publiques alimente une frustration croissante, notamment au sein des populations arabes et musulmanes, qui peinent \u00e0 comprendre l\u2019inertie europ\u00e9enne face \u00e0 des accusations graves, dont certaines \u00e9manant d\u2019instances internationales.<br \/>\nLa Cour p\u00e9nale internationale a r\u00e9cemment point\u00e9 la responsabilit\u00e9 de hauts responsables isra\u00e9liens dans des violations du droit international. Dans ce contexte, le refus de reconsid\u00e9rer l\u2019accord d\u2019association entre l\u2019UE et Isra\u00ebl \u2013 dont l\u2019article 2 conditionne sa validit\u00e9 au respect des droits de l\u2019homme \u2013 est vu par certains comme une forme de complicit\u00e9 passive. Un v\u00e9ritable test pour les valeurs europ\u00e9ennes et pour les partisans d\u2019une ligne plus ferme \u00e0 l\u2019\u00e9gard d\u2019Isra\u00ebl. Il en va de la cr\u00e9dibilit\u00e9 de l\u2019Union europ\u00e9enne sur la sc\u00e8ne internationale. Et notamment sur l\u2019Ukraine o\u00f9 pourtant l\u2019Allemagne est en pointe de la d\u00e9nonciation de la Russie. Un double standard qu\u2019elle ne peut justifier. \u00c0ux yeux des opinions, en effet, la d\u00e9fense des droits humains ne saurait \u00eatre \u00e0 g\u00e9om\u00e9trie variable. L\u2019attitude de pays comme l\u2019Allemagne, l\u2019Italie et la Hongrie interroge donc sur la coh\u00e9rence des principes que l\u2019Europe dit lui servir de socle et que certains Etats bafouent visiblement.<br \/>\nLe d\u00e9bat autour de Gaza, au-del\u00e0 du seul conflit isra\u00e9lo-palestinien, devient ainsi un r\u00e9v\u00e9lateur des contradictions internes \u00e0 l\u2019UE elle-m\u00eame. <\/p>\n","protected":false},"excerpt":{"rendered":"<p>\u00c0 l\u2019occasion du sommet des dirigeants europ\u00e9ens tenu ce jeudi 26 juin, les divisions au sein de l\u2019Union europ\u00e9enne concernant la guerre \u00e0 Gaza sont apparues une nouvelle fois au grand jour. Alors qu\u2019une majorit\u00e9 de pays membres souhaite revoir l\u2019accord d\u2019association entre l\u2019UE et Isra\u00ebl, d&#8217;autres \u2013 au premier rang desquels l\u2019Allemagne, l\u2019Italie et &hellip;<\/p>\n","protected":false},"author":2,"featured_media":16584,"comment_status":"open","ping_status":"open","sticky":false,"template":"","format":"standard","meta":{"footnotes":""},"categories":[18,29],"tags":[],"class_list":["post-16583","post","type-post","status-publish","format-standard","has-post-thumbnail","hentry","category-actualites","category-monde"],"_links":{"self":[{"href":"https:\/\/ladepeche.mr\/index.php?rest_route=\/wp\/v2\/posts\/16583","targetHints":{"allow":["GET"]}}],"collection":[{"href":"https:\/\/ladepeche.mr\/index.php?rest_route=\/wp\/v2\/posts"}],"about":[{"href":"https:\/\/ladepeche.mr\/index.php?rest_route=\/wp\/v2\/types\/post"}],"author":[{"embeddable":true,"href":"https:\/\/ladepeche.mr\/index.php?rest_route=\/wp\/v2\/users\/2"}],"replies":[{"embeddable":true,"href":"https:\/\/ladepeche.mr\/index.php?rest_route=%2Fwp%2Fv2%2Fcomments&post=16583"}],"version-history":[{"count":3,"href":"https:\/\/ladepeche.mr\/index.php?rest_route=\/wp\/v2\/posts\/16583\/revisions"}],"predecessor-version":[{"id":16587,"href":"https:\/\/ladepeche.mr\/index.php?rest_route=\/wp\/v2\/posts\/16583\/revisions\/16587"}],"wp:featuredmedia":[{"embeddable":true,"href":"https:\/\/ladepeche.mr\/index.php?rest_route=\/wp\/v2\/media\/16584"}],"wp:attachment":[{"href":"https:\/\/ladepeche.mr\/index.php?rest_route=%2Fwp%2Fv2%2Fmedia&parent=16583"}],"wp:term":[{"taxonomy":"category","embeddable":true,"href":"https:\/\/ladepeche.mr\/index.php?rest_route=%2Fwp%2Fv2%2Fcategories&post=16583"},{"taxonomy":"post_tag","embeddable":true,"href":"https:\/\/ladepeche.mr\/index.php?rest_route=%2Fwp%2Fv2%2Ftags&post=16583"}],"curies":[{"name":"wp","href":"https:\/\/api.w.org\/{rel}","templated":true}]}}