{"id":16588,"date":"2025-06-27T11:41:22","date_gmt":"2025-06-27T11:41:22","guid":{"rendered":"https:\/\/ladepeche.mr\/?p=16588"},"modified":"2025-06-27T11:41:22","modified_gmt":"2025-06-27T11:41:22","slug":"accident-en-mer-deux-marins-portes-disparus","status":"publish","type":"post","link":"https:\/\/ladepeche.mr\/?p=16588","title":{"rendered":"Accident en mer: deux marins port\u00e9s disparus"},"content":{"rendered":"<p>Deux marins manquent toujours \u00e0 l\u2019appel apr\u00e8s le renversement vendredi de leur embarcation, \u00abComeca 80\u00a0\u00bb apprend-on de source concordantes.<br \/>\nL\u2019embarcation de type \u00abComeca\u00a0\u00bb du nom du constructeur mauritanien, partie t\u00f4t ce matin de la rade de Nouadhibou, se serait renvers\u00e9e alors que son \u00e9quipage inaugurait sa premi\u00e8re mar\u00e9e \u00e0 l\u2019occasion de la fin de l\u2019arr\u00eat biologique dans nos eaux territoriales, expliquent les m\u00eames sources sans donner plus de pr\u00e9cisions.<br \/>\nPlusieurs marins auraient \u00e9t\u00e9 secourus et rep\u00each\u00e9s alors que les recherches se poursuivaient encore \u00e0 la mi-journ\u00e9e pour retrouver les deux autres marins dont le capitaine de l\u2019embarcation, Sidi Ould Matallah.<br \/>\nLes responsables de la p\u00eache artisanale, avec le soutien des autorit\u00e9s r\u00e9gionales, ont sonn\u00e9 la mobilisation pour retrouver les marins port\u00e9s disparus.<\/p>\n","protected":false},"excerpt":{"rendered":"<p>Deux marins manquent toujours \u00e0 l\u2019appel apr\u00e8s le renversement vendredi de leur embarcation, \u00abComeca 80\u00a0\u00bb apprend-on de source concordantes. L\u2019embarcation de type \u00abComeca\u00a0\u00bb du nom du constructeur mauritanien, partie t\u00f4t ce matin de la rade de Nouadhibou, se serait renvers\u00e9e alors que son \u00e9quipage inaugurait sa premi\u00e8re mar\u00e9e \u00e0 l\u2019occasion de la fin de l\u2019arr\u00eat &hellip;<\/p>\n","protected":false},"author":2,"featured_media":16590,"comment_status":"open","ping_status":"open","sticky":false,"template":"","format":"standard","meta":{"footnotes":""},"categories":[18],"tags":[],"class_list":["post-16588","post","type-post","status-publish","format-standard","has-post-thumbnail","hentry","category-actualites"],"_links":{"self":[{"href":"https:\/\/ladepeche.mr\/index.php?rest_route=\/wp\/v2\/posts\/16588","targetHints":{"allow":["GET"]}}],"collection":[{"href":"https:\/\/ladepeche.mr\/index.php?rest_route=\/wp\/v2\/posts"}],"about":[{"href":"https:\/\/ladepeche.mr\/index.php?rest_route=\/wp\/v2\/types\/post"}],"author":[{"embeddable":true,"href":"https:\/\/ladepeche.mr\/index.php?rest_route=\/wp\/v2\/users\/2"}],"replies":[{"embeddable":true,"href":"https:\/\/ladepeche.mr\/index.php?rest_route=%2Fwp%2Fv2%2Fcomments&post=16588"}],"version-history":[{"count":1,"href":"https:\/\/ladepeche.mr\/index.php?rest_route=\/wp\/v2\/posts\/16588\/revisions"}],"predecessor-version":[{"id":16589,"href":"https:\/\/ladepeche.mr\/index.php?rest_route=\/wp\/v2\/posts\/16588\/revisions\/16589"}],"wp:featuredmedia":[{"embeddable":true,"href":"https:\/\/ladepeche.mr\/index.php?rest_route=\/wp\/v2\/media\/16590"}],"wp:attachment":[{"href":"https:\/\/ladepeche.mr\/index.php?rest_route=%2Fwp%2Fv2%2Fmedia&parent=16588"}],"wp:term":[{"taxonomy":"category","embeddable":true,"href":"https:\/\/ladepeche.mr\/index.php?rest_route=%2Fwp%2Fv2%2Fcategories&post=16588"},{"taxonomy":"post_tag","embeddable":true,"href":"https:\/\/ladepeche.mr\/index.php?rest_route=%2Fwp%2Fv2%2Ftags&post=16588"}],"curies":[{"name":"wp","href":"https:\/\/api.w.org\/{rel}","templated":true}]}}