{"id":16593,"date":"2025-06-27T15:04:14","date_gmt":"2025-06-27T15:04:14","guid":{"rendered":"https:\/\/ladepeche.mr\/?p=16593"},"modified":"2025-06-27T16:15:40","modified_gmt":"2025-06-27T16:15:40","slug":"trump-annonce-la-signature-dun-accord-commercial-avec-la-chine","status":"publish","type":"post","link":"https:\/\/ladepeche.mr\/?p=16593","title":{"rendered":"Trump annonce la signature d\u2019un accord commercial avec la Chine"},"content":{"rendered":"<p>\u00ab Dans cet accord avec la Chine, nous commen\u00e7ons \u00e0 ouvrir le march\u00e9 chinois d&#8217;une mani\u00e8re qui n&#8217;\u00e9tait pas possible auparavant \u00bb, a d\u00e9clare le pr\u00e9sident am\u00e9ricain.<br \/>\nLe pr\u00e9sident am\u00e9ricain Donald Trump a annonc\u00e9 jeudi que les \u00c9tats-Unis avaient sign\u00e9 la veille (mercredi) un accord commercial avec la Chine, sans en r\u00e9v\u00e9ler les d\u00e9tails.<\/p>\n<p>\u00ab Eh bien, nous venons de signer avec la Chine hier, n\u2019est-ce pas ? Juste sign\u00e9 avec la Chine \u00bb, a d\u00e9clar\u00e9 Trump lors de l\u2019\u00e9v\u00e9nement One Big Beautiful Bill tenu \u00e0 la Maison Blanche.<\/p>\n<p>\u00ab Dans cet accord avec la Chine, nous commen\u00e7ons \u00e0 ouvrir le march\u00e9 chinois d&#8217;une mani\u00e8re qui n&#8217;\u00e9tait pas possible auparavant \u00bb, a-t-il ajout\u00e9.<\/p>\n<p>Des responsables am\u00e9ricains et chinois se sont rencontr\u00e9s plus t\u00f4t ce mois-ci \u00e0 Londres pour discuter des droits de douane.<\/p>\n<p>En avril, les \u00c9tats-Unis avaient impos\u00e9 des droits de douane importants sur les produits import\u00e9s de Chine. Mais en mai, les deux pays ont convenu d\u2019un large retrait de ces tarifs punitifs pour une p\u00e9riode initiale de 90 jours.<\/p>\n<p>Trump a \u00e9galement \u00e9voqu\u00e9 la possibilit\u00e9 de signer un accord avec l\u2019Inde.<\/p>\n<p>\u00ab Nous avons des accords importants en cours. Nous en avons un \u00e0 venir, peut-\u00eatre avec l\u2019Inde, un tr\u00e8s grand, o\u00f9 nous allons ouvrir le march\u00e9 indien \u00bb, a-t-il ajout\u00e9.<\/p>\n<p>Il a pr\u00e9cis\u00e9 que les \u00c9tats-Unis ont r\u00e9colt\u00e9 88 milliards de dollars gr\u00e2ce aux tarifs, qualifiant ce chiffre de \u00ab magnifique \u00bb.<\/p>\n<p>Promouvant la loi r\u00e9publicaine sur les r\u00e9ductions fiscales et les d\u00e9penses, Trump a d\u00e9crit le One Big Beautiful Bill comme \u00ab l\u2019une des lois les plus importantes de l\u2019histoire \u00bb des \u00c9tats-Unis.<\/p>\n<p>Cette loi permettra de \u00ab s\u00e9curiser nos fronti\u00e8res, dynamiser notre \u00e9conomie et redonner vie au r\u00eave am\u00e9ricain \u00bb, a-t-il conclu.<\/p>\n<p>Apr\u00e8s l\u2019adoption de ce projet de loi par la Chambre des repr\u00e9sentants le mois dernier, les r\u00e9publicains du S\u00e9nat s\u2019efforcent d\u00e9sormais de le faire passer avec des modifications avant de le renvoyer \u00e0 la chambre basse pour approbation.<\/p>\n<p>La porte-parole de la Maison-Blanche, Karoline Leavitt, a d\u00e9clar\u00e9 plus t\u00f4t jeudi que Trump travaille pour s\u2019assurer que la loi soit sign\u00e9e avant sa date limite du 4 juillet.<\/p>\n<p>\u00ab Nous nous attendons \u00e0 ce que ce projet de loi soit sur le bureau du pr\u00e9sident pour signature d\u2019ici le 4 juillet \u00bb, a-t-elle d\u00e9clar\u00e9 aux journalistes.<br \/>\naa.com.tr <\/p>\n","protected":false},"excerpt":{"rendered":"<p>\u00ab Dans cet accord avec la Chine, nous commen\u00e7ons \u00e0 ouvrir le march\u00e9 chinois d&#8217;une mani\u00e8re qui n&#8217;\u00e9tait pas possible auparavant \u00bb, a d\u00e9clare le pr\u00e9sident am\u00e9ricain. Le pr\u00e9sident am\u00e9ricain Donald Trump a annonc\u00e9 jeudi que les \u00c9tats-Unis avaient sign\u00e9 la veille (mercredi) un accord commercial avec la Chine, sans en r\u00e9v\u00e9ler les d\u00e9tails. \u00ab &hellip;<\/p>\n","protected":false},"author":2,"featured_media":16594,"comment_status":"open","ping_status":"open","sticky":false,"template":"","format":"standard","meta":{"footnotes":""},"categories":[18,29],"tags":[],"class_list":["post-16593","post","type-post","status-publish","format-standard","has-post-thumbnail","hentry","category-actualites","category-monde"],"_links":{"self":[{"href":"https:\/\/ladepeche.mr\/index.php?rest_route=\/wp\/v2\/posts\/16593","targetHints":{"allow":["GET"]}}],"collection":[{"href":"https:\/\/ladepeche.mr\/index.php?rest_route=\/wp\/v2\/posts"}],"about":[{"href":"https:\/\/ladepeche.mr\/index.php?rest_route=\/wp\/v2\/types\/post"}],"author":[{"embeddable":true,"href":"https:\/\/ladepeche.mr\/index.php?rest_route=\/wp\/v2\/users\/2"}],"replies":[{"embeddable":true,"href":"https:\/\/ladepeche.mr\/index.php?rest_route=%2Fwp%2Fv2%2Fcomments&post=16593"}],"version-history":[{"count":1,"href":"https:\/\/ladepeche.mr\/index.php?rest_route=\/wp\/v2\/posts\/16593\/revisions"}],"predecessor-version":[{"id":16595,"href":"https:\/\/ladepeche.mr\/index.php?rest_route=\/wp\/v2\/posts\/16593\/revisions\/16595"}],"wp:featuredmedia":[{"embeddable":true,"href":"https:\/\/ladepeche.mr\/index.php?rest_route=\/wp\/v2\/media\/16594"}],"wp:attachment":[{"href":"https:\/\/ladepeche.mr\/index.php?rest_route=%2Fwp%2Fv2%2Fmedia&parent=16593"}],"wp:term":[{"taxonomy":"category","embeddable":true,"href":"https:\/\/ladepeche.mr\/index.php?rest_route=%2Fwp%2Fv2%2Fcategories&post=16593"},{"taxonomy":"post_tag","embeddable":true,"href":"https:\/\/ladepeche.mr\/index.php?rest_route=%2Fwp%2Fv2%2Ftags&post=16593"}],"curies":[{"name":"wp","href":"https:\/\/api.w.org\/{rel}","templated":true}]}}