{"id":16596,"date":"2025-06-27T21:33:30","date_gmt":"2025-06-27T21:33:30","guid":{"rendered":"https:\/\/ladepeche.mr\/?p=16596"},"modified":"2025-06-27T21:33:30","modified_gmt":"2025-06-27T21:33:30","slug":"lunion-europeenne-clarifie-sa-position-sur-la-rasd-et-souligne-lunite-de-ses-etats-membres","status":"publish","type":"post","link":"https:\/\/ladepeche.mr\/?p=16596","title":{"rendered":"L\u2019Union Europ\u00e9enne clarifie sa position sur la &#8220;rasd&#8221; et souligne l\u2019unit\u00e9 de ses \u00c9tats membres"},"content":{"rendered":"<p>Le porte-parole de l\u2019Union Europ\u00e9enne (UE) pour les Affaires \u00e9trang\u00e8res a r\u00e9affirm\u00e9, ce vendredi 27 juin, que &#8220;ni l\u2019Union Europ\u00e9enne, ni aucun de ses \u00c9tats membres ne reconnaissent la \u2018\u2019rasd\u2019\u2019.<\/p>\n<p>Cette d\u00e9claration est intervenue alors que certains relais s\u00e9paratistes sur-communiquaient au sujet de la r\u00e9union minist\u00e9rielle Union Europ\u00e9enne-Union Africaine, qui se tient ce vendredi \u00e0 Rome. Rappelant que les minist\u00e9rielles de l\u2019UE-UA sont co-pr\u00e9sid\u00e9es et coorganis\u00e9es par l&#8217;UE et l&#8217;UA, le porte-parole de l\u2019UE pour les Affaires \u00e9trang\u00e8res a indiqu\u00e9 que \u00ables modalit\u00e9s agr\u00e9\u00e9es pr\u00e9voient que chaque partie soit responsable de l&#8217;invitation de ses propres membres \u00bb.<\/p>\n<p>Il a, de ce fait, attribu\u00e9 \u00e0 l\u2019Union Africaine la pr\u00e9sence de cette entit\u00e9 dans la r\u00e9union minist\u00e9rielle UE-UA, niant par-l\u00e0 que l\u2019UE ait invit\u00e9 la pseudo &#8220;rasd&#8221; \u00e0 ladite r\u00e9union. \u00ab Les invitations aux membres africains sont envoy\u00e9es par l&#8217;Union Africaine\u00bb, a-t-il dit.<\/p>\n<p>Dans ce cadre, le porte-parole a insist\u00e9 que \u00abla position de l&#8217;UE est bien connue: Ni l&#8217;UE, ni aucun de ses \u00c9tats membres ne reconnaissent la \u2018\u2019 rasd\u2019\u2019\u00a0\u00bb et que la pr\u00e9sence de cette entit\u00e9 \u00ab\u00e0 la r\u00e9union minist\u00e9rielle de l\u2019Union Europ\u00e9enne-Union Africaine n&#8217;a aucune influence sur cette position\u00bb.<br \/>\n(MAP)<\/p>\n","protected":false},"excerpt":{"rendered":"<p>Le porte-parole de l\u2019Union Europ\u00e9enne (UE) pour les Affaires \u00e9trang\u00e8res a r\u00e9affirm\u00e9, ce vendredi 27 juin, que &#8220;ni l\u2019Union Europ\u00e9enne, ni aucun de ses \u00c9tats membres ne reconnaissent la \u2018\u2019rasd\u2019\u2019. Cette d\u00e9claration est intervenue alors que certains relais s\u00e9paratistes sur-communiquaient au sujet de la r\u00e9union minist\u00e9rielle Union Europ\u00e9enne-Union Africaine, qui se tient ce vendredi \u00e0 &hellip;<\/p>\n","protected":false},"author":2,"featured_media":16597,"comment_status":"open","ping_status":"open","sticky":false,"template":"","format":"standard","meta":{"footnotes":""},"categories":[18,29],"tags":[],"class_list":["post-16596","post","type-post","status-publish","format-standard","has-post-thumbnail","hentry","category-actualites","category-monde"],"_links":{"self":[{"href":"https:\/\/ladepeche.mr\/index.php?rest_route=\/wp\/v2\/posts\/16596","targetHints":{"allow":["GET"]}}],"collection":[{"href":"https:\/\/ladepeche.mr\/index.php?rest_route=\/wp\/v2\/posts"}],"about":[{"href":"https:\/\/ladepeche.mr\/index.php?rest_route=\/wp\/v2\/types\/post"}],"author":[{"embeddable":true,"href":"https:\/\/ladepeche.mr\/index.php?rest_route=\/wp\/v2\/users\/2"}],"replies":[{"embeddable":true,"href":"https:\/\/ladepeche.mr\/index.php?rest_route=%2Fwp%2Fv2%2Fcomments&post=16596"}],"version-history":[{"count":1,"href":"https:\/\/ladepeche.mr\/index.php?rest_route=\/wp\/v2\/posts\/16596\/revisions"}],"predecessor-version":[{"id":16598,"href":"https:\/\/ladepeche.mr\/index.php?rest_route=\/wp\/v2\/posts\/16596\/revisions\/16598"}],"wp:featuredmedia":[{"embeddable":true,"href":"https:\/\/ladepeche.mr\/index.php?rest_route=\/wp\/v2\/media\/16597"}],"wp:attachment":[{"href":"https:\/\/ladepeche.mr\/index.php?rest_route=%2Fwp%2Fv2%2Fmedia&parent=16596"}],"wp:term":[{"taxonomy":"category","embeddable":true,"href":"https:\/\/ladepeche.mr\/index.php?rest_route=%2Fwp%2Fv2%2Fcategories&post=16596"},{"taxonomy":"post_tag","embeddable":true,"href":"https:\/\/ladepeche.mr\/index.php?rest_route=%2Fwp%2Fv2%2Ftags&post=16596"}],"curies":[{"name":"wp","href":"https:\/\/api.w.org\/{rel}","templated":true}]}}