{"id":16599,"date":"2025-06-28T17:49:38","date_gmt":"2025-06-28T17:49:38","guid":{"rendered":"https:\/\/ladepeche.mr\/?p=16599"},"modified":"2025-06-28T17:49:38","modified_gmt":"2025-06-28T17:49:38","slug":"presidence-de-la-republique-sidi-ould-moulaye-zeine-nouveau-responsable-du-bureau-de-presse","status":"publish","type":"post","link":"https:\/\/ladepeche.mr\/?p=16599","title":{"rendered":"Pr\u00e9sidence de la R\u00e9publique: Sidi Ould Moulaye Zeine, nouveau responsable du bureau de presse"},"content":{"rendered":"<p>Sidi Ould Moulaye Zeine nomm\u00e9 conseiller \u00e0 la Pr\u00e9sidence de la R\u00e9publique a \u00e9t\u00e9 charg\u00e9 du bureau de presse de la pr\u00e9sidence de la R\u00e9publique, apprend-on de source encore officieuse.<br \/>\nSidi Ould Moulaye Zeine avait \u00e9t\u00e9 nomm\u00e9 par d\u00e9cret, en ao\u00fbt 2024, conseiller \u00e0 la Pr\u00e9sidence de la R\u00e9publique.<\/p>\n","protected":false},"excerpt":{"rendered":"<p>Sidi Ould Moulaye Zeine nomm\u00e9 conseiller \u00e0 la Pr\u00e9sidence de la R\u00e9publique a \u00e9t\u00e9 charg\u00e9 du bureau de presse de la pr\u00e9sidence de la R\u00e9publique, apprend-on de source encore officieuse. Sidi Ould Moulaye Zeine avait \u00e9t\u00e9 nomm\u00e9 par d\u00e9cret, en ao\u00fbt 2024, conseiller \u00e0 la Pr\u00e9sidence de la R\u00e9publique.<\/p>\n","protected":false},"author":2,"featured_media":16600,"comment_status":"open","ping_status":"open","sticky":false,"template":"","format":"standard","meta":{"footnotes":""},"categories":[18,31],"tags":[],"class_list":["post-16599","post","type-post","status-publish","format-standard","has-post-thumbnail","hentry","category-actualites","category-politique-et-reportages"],"_links":{"self":[{"href":"https:\/\/ladepeche.mr\/index.php?rest_route=\/wp\/v2\/posts\/16599","targetHints":{"allow":["GET"]}}],"collection":[{"href":"https:\/\/ladepeche.mr\/index.php?rest_route=\/wp\/v2\/posts"}],"about":[{"href":"https:\/\/ladepeche.mr\/index.php?rest_route=\/wp\/v2\/types\/post"}],"author":[{"embeddable":true,"href":"https:\/\/ladepeche.mr\/index.php?rest_route=\/wp\/v2\/users\/2"}],"replies":[{"embeddable":true,"href":"https:\/\/ladepeche.mr\/index.php?rest_route=%2Fwp%2Fv2%2Fcomments&post=16599"}],"version-history":[{"count":1,"href":"https:\/\/ladepeche.mr\/index.php?rest_route=\/wp\/v2\/posts\/16599\/revisions"}],"predecessor-version":[{"id":16601,"href":"https:\/\/ladepeche.mr\/index.php?rest_route=\/wp\/v2\/posts\/16599\/revisions\/16601"}],"wp:featuredmedia":[{"embeddable":true,"href":"https:\/\/ladepeche.mr\/index.php?rest_route=\/wp\/v2\/media\/16600"}],"wp:attachment":[{"href":"https:\/\/ladepeche.mr\/index.php?rest_route=%2Fwp%2Fv2%2Fmedia&parent=16599"}],"wp:term":[{"taxonomy":"category","embeddable":true,"href":"https:\/\/ladepeche.mr\/index.php?rest_route=%2Fwp%2Fv2%2Fcategories&post=16599"},{"taxonomy":"post_tag","embeddable":true,"href":"https:\/\/ladepeche.mr\/index.php?rest_route=%2Fwp%2Fv2%2Ftags&post=16599"}],"curies":[{"name":"wp","href":"https:\/\/api.w.org\/{rel}","templated":true}]}}