{"id":16602,"date":"2025-06-28T17:53:52","date_gmt":"2025-06-28T17:53:52","guid":{"rendered":"https:\/\/ladepeche.mr\/?p=16602"},"modified":"2025-06-28T17:53:52","modified_gmt":"2025-06-28T17:53:52","slug":"le-president-de-la-republique-se-rend-a-seville-espagne-pour-participer-a-la-conference-internationale-sur-le-financement-du-developpement","status":"publish","type":"post","link":"https:\/\/ladepeche.mr\/?p=16602","title":{"rendered":"Le Pr\u00e9sident de la R\u00e9publique se rend \u00e0 S\u00e9ville (Espagne) pour participer \u00e0 la Conf\u00e9rence internationale sur le financement du d\u00e9veloppement"},"content":{"rendered":"<p>Son Excellence le Pr\u00e9sident de la R\u00e9publique, M. Mohamed Ould Cheikh El Ghazouani, a quitt\u00e9 Nouakchott samedi \u00e0 destination de S\u00e9ville (Espagne) pour participer \u00e0 la quatri\u00e8me session de la Conf\u00e9rence internationale sur le financement du d\u00e9veloppement.<\/p>\n<p>A son d\u00e9part de l\u2019a\u00e9roport international de Nouakchott, Son Excellence le Pr\u00e9sident de la R\u00e9publique a \u00e9t\u00e9 salu\u00e9 par le Premier ministre, Monsieur Moctar Ould Djay, le ministre secr\u00e9taire g\u00e9n\u00e9ral de la Pr\u00e9sidence de la R\u00e9publique, M. Moulaye Ould Mohamed Laghdhaf, les deux ministres conseillers \u00e0 la Pr\u00e9sidence de la R\u00e9publique, M. Mohamed Ould Abdallahi Ould Ethmane et Mme Aissata Ba Yahya, le ministre des Affaires \u00e9trang\u00e8res, de la Coop\u00e9ration africaine et des Mauritaniens de l\u2019ext\u00e9rieur, M. Mohamed Salem Ould Merzoug, le ministre de la D\u00e9fense, des Affaires des retrait\u00e9s et des enfants des martyrs, M. Hanena Ould Sidi, le ministre de l\u2019Int\u00e9rieur, de la Promotion de la d\u00e9centralisation et du D\u00e9veloppement local, M. Mohamed Ahmed Ould Mohamed Lemine, le chef de l\u2019\u00e9tat-major particulier du Pr\u00e9sident de la R\u00e9publique, le g\u00e9n\u00e9ral de corps d\u2019arm\u00e9e Brahim Vall Cheibani Cheikh Ahmed, la directrice adjointe de cabinet du Pr\u00e9sident de la R\u00e9publique, Mme Gandega Fatimata, le wali de Nouakchott Ouest, M. Mrabih Rabou Ould Bounena Ould Abidine, et le vice-pr\u00e9sident de la r\u00e9gion de Nouakchott, M. Idoumou Ould Abeidallah.<\/p>\n<p>Son Excellence le Pr\u00e9sident de la R\u00e9publique est accompagn\u00e9 d\u2019une importante d\u00e9l\u00e9gation compos\u00e9e de :<\/p>\n<p>\u2013 Dr Mariem Mint Dah, Premi\u00e8re Dame,<\/p>\n<p>\u2013 M. Nani Ould Chrougha, ministre charg\u00e9 de Cabinet du Pr\u00e9sident de la R\u00e9publique,<\/p>\n<p>\u2013 M. Sid\u2019Ahmed Ould Bouh, ministre de l\u2019\u00c9conomie et des Finances,<\/p>\n<p>\u2013 Mme Zeinebou Mint Ely Salem, ambassadeur de la Mauritanie \u00e0 Madrid,<\/p>\n<p>\u2013 M. Sidi Ould Mohamed Laghdhaf, Repr\u00e9sentant permanent de la Mauritanie aupr\u00e8s des Nations Unies \u00e0 New York,<\/p>\n<p>\u2013 M. Harouna Traor\u00e9, charg\u00e9 de mission \u00e0 la Pr\u00e9sidence de la R\u00e9publique,<\/p>\n<p>\u2013 M. El Hacen Ould Ahmed, Directeur g\u00e9n\u00e9ral du Protocole d\u2019\u00c9tat.<br \/>\nAmi<\/p>\n","protected":false},"excerpt":{"rendered":"<p>Son Excellence le Pr\u00e9sident de la R\u00e9publique, M. Mohamed Ould Cheikh El Ghazouani, a quitt\u00e9 Nouakchott samedi \u00e0 destination de S\u00e9ville (Espagne) pour participer \u00e0 la quatri\u00e8me session de la Conf\u00e9rence internationale sur le financement du d\u00e9veloppement. A son d\u00e9part de l\u2019a\u00e9roport international de Nouakchott, Son Excellence le Pr\u00e9sident de la R\u00e9publique a \u00e9t\u00e9 salu\u00e9 &hellip;<\/p>\n","protected":false},"author":2,"featured_media":16603,"comment_status":"open","ping_status":"open","sticky":false,"template":"","format":"standard","meta":{"footnotes":""},"categories":[18],"tags":[],"class_list":["post-16602","post","type-post","status-publish","format-standard","has-post-thumbnail","hentry","category-actualites"],"_links":{"self":[{"href":"https:\/\/ladepeche.mr\/index.php?rest_route=\/wp\/v2\/posts\/16602","targetHints":{"allow":["GET"]}}],"collection":[{"href":"https:\/\/ladepeche.mr\/index.php?rest_route=\/wp\/v2\/posts"}],"about":[{"href":"https:\/\/ladepeche.mr\/index.php?rest_route=\/wp\/v2\/types\/post"}],"author":[{"embeddable":true,"href":"https:\/\/ladepeche.mr\/index.php?rest_route=\/wp\/v2\/users\/2"}],"replies":[{"embeddable":true,"href":"https:\/\/ladepeche.mr\/index.php?rest_route=%2Fwp%2Fv2%2Fcomments&post=16602"}],"version-history":[{"count":1,"href":"https:\/\/ladepeche.mr\/index.php?rest_route=\/wp\/v2\/posts\/16602\/revisions"}],"predecessor-version":[{"id":16604,"href":"https:\/\/ladepeche.mr\/index.php?rest_route=\/wp\/v2\/posts\/16602\/revisions\/16604"}],"wp:featuredmedia":[{"embeddable":true,"href":"https:\/\/ladepeche.mr\/index.php?rest_route=\/wp\/v2\/media\/16603"}],"wp:attachment":[{"href":"https:\/\/ladepeche.mr\/index.php?rest_route=%2Fwp%2Fv2%2Fmedia&parent=16602"}],"wp:term":[{"taxonomy":"category","embeddable":true,"href":"https:\/\/ladepeche.mr\/index.php?rest_route=%2Fwp%2Fv2%2Fcategories&post=16602"},{"taxonomy":"post_tag","embeddable":true,"href":"https:\/\/ladepeche.mr\/index.php?rest_route=%2Fwp%2Fv2%2Ftags&post=16602"}],"curies":[{"name":"wp","href":"https:\/\/api.w.org\/{rel}","templated":true}]}}