{"id":1661,"date":"2022-08-30T21:07:54","date_gmt":"2022-08-30T21:07:54","guid":{"rendered":"https:\/\/ladepeche.mr\/?p=1661"},"modified":"2022-08-30T21:08:10","modified_gmt":"2022-08-30T21:08:10","slug":"inondations-plusieurs-personnes-a-bord-dune-ambulance-sauvees-in-extremis-de-noyade-a-akjoujt","status":"publish","type":"post","link":"https:\/\/ladepeche.mr\/?p=1661","title":{"rendered":"Inondations: Plusieurs personnes \u00e0 bord d\u2019une ambulance sauv\u00e9es In extremis de noyade \u00e0 Akjoujt"},"content":{"rendered":"<p class=\"p1\"><span class=\"s1\">Plusieurs personnes \u00e0 bord d\u2019une ambulance ont \u00e9t\u00e9 sauv\u00e9es In extremis gr\u00e2ce \u00e0 l\u2019intervention de secouristes \u00e0 Akjoujt.<\/span><\/p>\n<p class=\"p1\"><span class=\"s1\">Les personnes se trouvaient dans le v\u00e9hicule qui avait \u00e9t\u00e9 pris dans le torrent dans la \u00ab\u00a0Batha\u00a0\u00bb d\u2019Akjoujt.<\/span><\/p>\n<p class=\"p1\"><span class=\"s1\">Selon une pr\u00e9cision du minist\u00e8re de la sant\u00e9 cet accident a pour origine une tentative hasardeuse du chauffeur de traverser le torrent.<\/span><\/p>\n<p class=\"p1\"><span class=\"s1\">L\u2019ambulance de secours en question rel\u00e8ve de l\u2019h\u00f4pital r\u00e9gional d\u2019Atar.<\/span><\/p>\n","protected":false},"excerpt":{"rendered":"<p>Plusieurs personnes \u00e0 bord d\u2019une ambulance ont \u00e9t\u00e9 sauv\u00e9es In extremis gr\u00e2ce \u00e0 l\u2019intervention de secouristes \u00e0 Akjoujt. Les personnes se trouvaient dans le v\u00e9hicule qui avait \u00e9t\u00e9 pris dans le torrent dans la \u00ab\u00a0Batha\u00a0\u00bb d\u2019Akjoujt. Selon une pr\u00e9cision du minist\u00e8re de la sant\u00e9 cet accident a pour origine une tentative hasardeuse du chauffeur de &hellip;<\/p>\n","protected":false},"author":2,"featured_media":1662,"comment_status":"open","ping_status":"open","sticky":false,"template":"","format":"standard","meta":{"footnotes":""},"categories":[18,27],"tags":[],"class_list":["post-1661","post","type-post","status-publish","format-standard","has-post-thumbnail","hentry","category-actualites","category-sante"],"_links":{"self":[{"href":"https:\/\/ladepeche.mr\/index.php?rest_route=\/wp\/v2\/posts\/1661","targetHints":{"allow":["GET"]}}],"collection":[{"href":"https:\/\/ladepeche.mr\/index.php?rest_route=\/wp\/v2\/posts"}],"about":[{"href":"https:\/\/ladepeche.mr\/index.php?rest_route=\/wp\/v2\/types\/post"}],"author":[{"embeddable":true,"href":"https:\/\/ladepeche.mr\/index.php?rest_route=\/wp\/v2\/users\/2"}],"replies":[{"embeddable":true,"href":"https:\/\/ladepeche.mr\/index.php?rest_route=%2Fwp%2Fv2%2Fcomments&post=1661"}],"version-history":[{"count":1,"href":"https:\/\/ladepeche.mr\/index.php?rest_route=\/wp\/v2\/posts\/1661\/revisions"}],"predecessor-version":[{"id":1663,"href":"https:\/\/ladepeche.mr\/index.php?rest_route=\/wp\/v2\/posts\/1661\/revisions\/1663"}],"wp:featuredmedia":[{"embeddable":true,"href":"https:\/\/ladepeche.mr\/index.php?rest_route=\/wp\/v2\/media\/1662"}],"wp:attachment":[{"href":"https:\/\/ladepeche.mr\/index.php?rest_route=%2Fwp%2Fv2%2Fmedia&parent=1661"}],"wp:term":[{"taxonomy":"category","embeddable":true,"href":"https:\/\/ladepeche.mr\/index.php?rest_route=%2Fwp%2Fv2%2Fcategories&post=1661"},{"taxonomy":"post_tag","embeddable":true,"href":"https:\/\/ladepeche.mr\/index.php?rest_route=%2Fwp%2Fv2%2Ftags&post=1661"}],"curies":[{"name":"wp","href":"https:\/\/api.w.org\/{rel}","templated":true}]}}