{"id":16611,"date":"2025-06-28T21:57:50","date_gmt":"2025-06-28T21:57:50","guid":{"rendered":"https:\/\/ladepeche.mr\/?p=16611"},"modified":"2025-06-28T21:57:50","modified_gmt":"2025-06-28T21:57:50","slug":"lunion-africaine-salue-laccord-entre-la-rdc-et-le-rwanda","status":"publish","type":"post","link":"https:\/\/ladepeche.mr\/?p=16611","title":{"rendered":"L\u2019Union africaine salue l\u2019accord entre la RDC et le Rwanda"},"content":{"rendered":"<p>Kinshasa et Kigali ont sign\u00e9 vendredi 27 juin un accord de paix \u00e0 Washington, \u00ab une \u00e9tape importante \u00bb pour mettre fin au conflit dans l\u2019est de la RDC, s\u2019est f\u00e9licit\u00e9e samedi l\u2019Union africaine.<\/p>\n<p>Pr\u00e9sent vendredi lors de la signature de l\u2019accord de paix aux \u00c9tats-Unis entre la RDC et le Rwanda, le pr\u00e9sident de la Commission de l\u2019Union africaine (UA) Mahamoud Ali Youssouf s\u2019est f\u00e9licit\u00e9 samedi dans un communiqu\u00e9 \u00ab de cette \u00e9tape importante et a salu\u00e9 tous les efforts visant \u00e0 faire progresser la paix, la stabilit\u00e9 et la r\u00e9conciliation dans la r\u00e9gion. \u00bb Il a \u00e9galement soulign\u00e9 \u00ab le r\u00f4le constructif et de soutien jou\u00e9 par les \u00c9tats-Unis et le Qatar pour faciliter le dialogue \u00bb.<\/p>\n<p>L\u2019accord de paix s\u2019inspire d\u2019une d\u00e9claration de principes approuv\u00e9e en avril entre les deux pays et pr\u00e9voit des dispositions sur \u00ab le respect de l\u2019int\u00e9grit\u00e9 territoriale et l\u2019arr\u00eat des hostilit\u00e9s \u00bb dans l\u2019est de la RDC, apr\u00e8s l\u2019offensive men\u00e9e par le groupe arm\u00e9 M23.<\/p>\n<p>Il a \u00e9t\u00e9 formellement sign\u00e9 vendredi sous les auspices des \u00c9tats-Unis lors d\u2019une c\u00e9r\u00e9monie \u00e0 Washington, en pr\u00e9sence du secr\u00e9taire d\u2019\u00c9tat am\u00e9ricain Marco Rubio et de ses homologues de la RDC et du Rwanda, Th\u00e9r\u00e8se Kayikwamba Wagner et Olivier Nduhungirehe.<\/p>\n<p>Trump convoite les ressources mini\u00e8res<br \/>\nDonald Trump a salu\u00e9 \u00ab un nouveau chapitre d\u2019espoir \u00bb. \u00ab Aujourd\u2019hui, la violence et la destruction prennent fin et toute la r\u00e9gion entame un nouveau chapitre d\u2019espoir et d\u2019opportunit\u00e9s, d\u2019harmonie, de prosp\u00e9rit\u00e9 et de paix \u00bb, a d\u00e9clar\u00e9 le pr\u00e9sident am\u00e9ricain. \u00ab C\u2019est un jour merveilleux \u00bb, a-t-il ajout\u00e9 \u00e0 propos de cet accord qui doit \u00e9galement d\u00e9boucher, selon lui, sur l\u2019obtention par les \u00c9tats-Unis de droits miniers en RDC.<\/p>\n<p>L\u2019accord n\u2019aborde pas explicitement les gains de territoire du M23. Le groupe arm\u00e9, soutenu militairement par le Rwanda selon l\u2019ONU et les \u00c9tats-Unis, s\u2019est empar\u00e9 des grandes villes de Goma en janvier et Bukavu en f\u00e9vrier au terme d\u2019une offensive \u00e9clair faisant des milliers de morts.<\/p>\n<p>De multiples cessez-le-feu ont \u00e9t\u00e9 conclus et viol\u00e9s depuis la reprise des op\u00e9rations du M23 dans la r\u00e9gion en 2021, et les affrontements avec les forces gouvernementales et alli\u00e9es ont d\u00e9plac\u00e9 des centaines de milliers de personnes, provoquant une vaste crise humanitaire.<\/p>\n<p>(Avec AFP)<\/p>\n","protected":false},"excerpt":{"rendered":"<p>Kinshasa et Kigali ont sign\u00e9 vendredi 27 juin un accord de paix \u00e0 Washington, \u00ab une \u00e9tape importante \u00bb pour mettre fin au conflit dans l\u2019est de la RDC, s\u2019est f\u00e9licit\u00e9e samedi l\u2019Union africaine. Pr\u00e9sent vendredi lors de la signature de l\u2019accord de paix aux \u00c9tats-Unis entre la RDC et le Rwanda, le pr\u00e9sident de &hellip;<\/p>\n","protected":false},"author":2,"featured_media":16612,"comment_status":"open","ping_status":"open","sticky":false,"template":"","format":"standard","meta":{"footnotes":""},"categories":[18,29],"tags":[],"class_list":["post-16611","post","type-post","status-publish","format-standard","has-post-thumbnail","hentry","category-actualites","category-monde"],"_links":{"self":[{"href":"https:\/\/ladepeche.mr\/index.php?rest_route=\/wp\/v2\/posts\/16611","targetHints":{"allow":["GET"]}}],"collection":[{"href":"https:\/\/ladepeche.mr\/index.php?rest_route=\/wp\/v2\/posts"}],"about":[{"href":"https:\/\/ladepeche.mr\/index.php?rest_route=\/wp\/v2\/types\/post"}],"author":[{"embeddable":true,"href":"https:\/\/ladepeche.mr\/index.php?rest_route=\/wp\/v2\/users\/2"}],"replies":[{"embeddable":true,"href":"https:\/\/ladepeche.mr\/index.php?rest_route=%2Fwp%2Fv2%2Fcomments&post=16611"}],"version-history":[{"count":1,"href":"https:\/\/ladepeche.mr\/index.php?rest_route=\/wp\/v2\/posts\/16611\/revisions"}],"predecessor-version":[{"id":16613,"href":"https:\/\/ladepeche.mr\/index.php?rest_route=\/wp\/v2\/posts\/16611\/revisions\/16613"}],"wp:featuredmedia":[{"embeddable":true,"href":"https:\/\/ladepeche.mr\/index.php?rest_route=\/wp\/v2\/media\/16612"}],"wp:attachment":[{"href":"https:\/\/ladepeche.mr\/index.php?rest_route=%2Fwp%2Fv2%2Fmedia&parent=16611"}],"wp:term":[{"taxonomy":"category","embeddable":true,"href":"https:\/\/ladepeche.mr\/index.php?rest_route=%2Fwp%2Fv2%2Fcategories&post=16611"},{"taxonomy":"post_tag","embeddable":true,"href":"https:\/\/ladepeche.mr\/index.php?rest_route=%2Fwp%2Fv2%2Ftags&post=16611"}],"curies":[{"name":"wp","href":"https:\/\/api.w.org\/{rel}","templated":true}]}}