{"id":16628,"date":"2025-06-30T14:29:36","date_gmt":"2025-06-30T14:29:36","guid":{"rendered":"https:\/\/ladepeche.mr\/?p=16628"},"modified":"2025-06-30T14:29:36","modified_gmt":"2025-06-30T14:29:36","slug":"le-president-de-la-republique-participe-a-la-4eme-conference-internationale-sur-le-financement-du-developpement","status":"publish","type":"post","link":"https:\/\/ladepeche.mr\/?p=16628","title":{"rendered":"Le Pr\u00e9sident de la R\u00e9publique participe \u00e0 la 4\u00e8me Conf\u00e9rence internationale sur le financement du d\u00e9veloppement"},"content":{"rendered":"<p>Son Excellence le Pr\u00e9sident de la R\u00e9publique, Monsieur Mohamed Ould Cheikh El Ghazouani, a particip\u00e9, lundi, \u00e0 la s\u00e9ance d\u2019ouverture de la Quatri\u00e8me Conf\u00e9rence internationale sur le financement du d\u00e9veloppement (FFD4), tenue \u00e0 S\u00e9ville, au Royaume d\u2019Espagne, sous les auspices des Nations Unies, en partenariat avec l\u2019Union europ\u00e9enne et les partenaires internationaux.<\/p>\n<p>Plus de 70 chefs d\u2019\u00c9tat et de gouvernement, de chefs d\u2019institutions financi\u00e8res internationales, de repr\u00e9sentants de la soci\u00e9t\u00e9 civile, du secteur charitable et du secteur priv\u00e9 op\u00e9rant dans les domaines de l\u2019\u00e9nergie, de l\u2019alimentation et du num\u00e9rique, prennent part \u00e0 la conf\u00e9rence.<\/p>\n<p>La participation de Son Excellence le Pr\u00e9sident de la R\u00e9publique \u00e0 cette conf\u00e9rence traduit l\u2019engagement profond de la Mauritanie en faveur des questions de d\u00e9veloppement \u00e9quitable et durable, ainsi que sa volont\u00e9 de contribuer efficacement \u00e0 l\u2019\u00e9dification d\u2019un syst\u00e8me de financement international plus \u00e9quitable, qui refl\u00e8te les aspirations des pays en d\u00e9veloppement et des pays les moins avanc\u00e9s.<\/p>\n<p>La conf\u00e9rence sera l\u2019occasion de sessions de haut niveau r\u00e9unissant des dirigeants internationaux, des d\u00e9cideurs et des experts pour discuter de la r\u00e9forme de la structure du syst\u00e8me financier mondial, du renforcement de la solidarit\u00e9 internationale et des partenariats multilat\u00e9raux, \u00e0 la lumi\u00e8re de la multiplication des d\u00e9fis \u00e9conomiques.<\/p>\n<p>Dans une allocution prononc\u00e9e pour la circonstance, Son Excellence le Pr\u00e9sident de la R\u00e9publique a lou\u00e9 les efforts d\u00e9ploy\u00e9s pour mettre en \u0153uvre l\u2019Agenda d\u2019Addis-Abeba 2015 et la Charte du futur 2024, en particulier, en ce qui concerne l\u2019esprit de solidarit\u00e9 et de gouvernance financi\u00e8re internationale, saluant le dynamisme qui caract\u00e9rise l\u2019\u00e9dition actuelle de la conf\u00e9rence.<\/p>\n<p>Il a pass\u00e9 en revue l\u2019exp\u00e9rience de la Mauritanie en mati\u00e8re de promotion de la mobilisation des ressources propres, de num\u00e9risation de l\u2019\u00e9conomie, de modernisation du secteur priv\u00e9 et de l\u2019am\u00e9lioration de la gouvernance fiscale, soulignant, par la m\u00eame occasion, l\u2019importance du financement ext\u00e9rieur pour couvrir l\u2019important d\u00e9ficit financier qui p\u00e8se lourd sur les \u00e9conomies des pays en d\u00e9veloppement.<br \/>\nAmi<\/p>\n","protected":false},"excerpt":{"rendered":"<p>Son Excellence le Pr\u00e9sident de la R\u00e9publique, Monsieur Mohamed Ould Cheikh El Ghazouani, a particip\u00e9, lundi, \u00e0 la s\u00e9ance d\u2019ouverture de la Quatri\u00e8me Conf\u00e9rence internationale sur le financement du d\u00e9veloppement (FFD4), tenue \u00e0 S\u00e9ville, au Royaume d\u2019Espagne, sous les auspices des Nations Unies, en partenariat avec l\u2019Union europ\u00e9enne et les partenaires internationaux. Plus de 70 &hellip;<\/p>\n","protected":false},"author":2,"featured_media":16629,"comment_status":"open","ping_status":"open","sticky":false,"template":"","format":"standard","meta":{"footnotes":""},"categories":[18,2,29],"tags":[],"class_list":["post-16628","post","type-post","status-publish","format-standard","has-post-thumbnail","hentry","category-actualites","category-economie","category-monde"],"_links":{"self":[{"href":"https:\/\/ladepeche.mr\/index.php?rest_route=\/wp\/v2\/posts\/16628","targetHints":{"allow":["GET"]}}],"collection":[{"href":"https:\/\/ladepeche.mr\/index.php?rest_route=\/wp\/v2\/posts"}],"about":[{"href":"https:\/\/ladepeche.mr\/index.php?rest_route=\/wp\/v2\/types\/post"}],"author":[{"embeddable":true,"href":"https:\/\/ladepeche.mr\/index.php?rest_route=\/wp\/v2\/users\/2"}],"replies":[{"embeddable":true,"href":"https:\/\/ladepeche.mr\/index.php?rest_route=%2Fwp%2Fv2%2Fcomments&post=16628"}],"version-history":[{"count":1,"href":"https:\/\/ladepeche.mr\/index.php?rest_route=\/wp\/v2\/posts\/16628\/revisions"}],"predecessor-version":[{"id":16630,"href":"https:\/\/ladepeche.mr\/index.php?rest_route=\/wp\/v2\/posts\/16628\/revisions\/16630"}],"wp:featuredmedia":[{"embeddable":true,"href":"https:\/\/ladepeche.mr\/index.php?rest_route=\/wp\/v2\/media\/16629"}],"wp:attachment":[{"href":"https:\/\/ladepeche.mr\/index.php?rest_route=%2Fwp%2Fv2%2Fmedia&parent=16628"}],"wp:term":[{"taxonomy":"category","embeddable":true,"href":"https:\/\/ladepeche.mr\/index.php?rest_route=%2Fwp%2Fv2%2Fcategories&post=16628"},{"taxonomy":"post_tag","embeddable":true,"href":"https:\/\/ladepeche.mr\/index.php?rest_route=%2Fwp%2Fv2%2Ftags&post=16628"}],"curies":[{"name":"wp","href":"https:\/\/api.w.org\/{rel}","templated":true}]}}