{"id":16636,"date":"2025-06-30T16:33:16","date_gmt":"2025-06-30T16:33:16","guid":{"rendered":"https:\/\/ladepeche.mr\/?p=16636"},"modified":"2025-06-30T16:33:16","modified_gmt":"2025-06-30T16:33:16","slug":"qatar-charite-lance-un-ensemble-de-projets-dautonomisation-economique-en-mauritanie","status":"publish","type":"post","link":"https:\/\/ladepeche.mr\/?p=16636","title":{"rendered":"Qatar Charit\u00e9 lance un ensemble de projets d&#8217;autonomisation \u00e9conomique en Mauritanie"},"content":{"rendered":"<p>Qatar Charit\u00e9, en coop\u00e9ration avec le minist\u00e8re de la Formation professionnelle, de l&#8217;Industrie traditionnelle et de l&#8217;Artisanat en Mauritanie, a lanc\u00e9 un ensemble de projets d&#8217;autonomisation \u00e9conomique visant les dipl\u00f4m\u00e9s des centres de formation professionnelle issus de familles \u00e0 faible revenu et leurs personnes \u00e0 charge.<br \/>\nQatar Charit\u00e9 a d\u00e9clar\u00e9, dans un communiqu\u00e9 aujourd&#8217;hui, que les projets annonc\u00e9s comprennent la construction d&#8217;un march\u00e9 de solidarit\u00e9 pour 60 familles, un projet de production de briques et de produits en ciment pour 50 familles, \u00e9quiper un atelier de couture pour 40 familles, en plus du d\u00e9veloppement du tannage du cuir et de ses produits pour 64 familles.<br \/>\nLa c\u00e9r\u00e9monie d&#8217;inauguration s&#8217;est d\u00e9roul\u00e9e en pr\u00e9sence de Mr. Amadi Ould Taleb, le Secr\u00e9taire g\u00e9n\u00e9ral du minist\u00e8re de la Formation professionnelle, de l&#8217;Industrie traditionnelle et de l&#8217;Artisanat en Mauritanie, de Mr Fahad Al Dosari, le Charg\u00e9 d&#8217;Affaires par int\u00e9rim \u00e0 l&#8217;ambassade de l&#8217;\u00c9tat de Qatar en Mauritanie, et de Mr Khaled Abdullah Al Yafei, le Directeur des relations avec les donateurs de Qatar Charit\u00e9.<br \/>\nLe Secr\u00e9taire g\u00e9n\u00e9ral du minist\u00e8re de la Formation professionnelle, de l&#8217;Industrie traditionnelle et de l&#8217;Artisanat en Mauritanie, dans un discours, a affirm\u00e9 que ces projets s&#8217;inscrivent dans la convention de partenariat entre le minist\u00e8re et Qatar Charit\u00e9, dans le but de soutenir les efforts de l&#8217;\u00c9tat en mati\u00e8re d&#8217;autonomisation des groupes vuln\u00e9rables par la formation et l&#8217;acc\u00e8s \u00e0 des moyens de production et de revenus durables.<br \/>\nDe sa part, le Directeur du D\u00e9partement des Relations avec les donateurs de Qatar Charit\u00e9 a indiqu\u00e9 que le soutien apport\u00e9 au secteur de la formation professionnelle et de l&#8217;autonomisation \u00e9conomique est une priorit\u00e9 pour Qatar Charit\u00e9, indiquant que les projets ont \u00e9t\u00e9 mis en \u0153uvre en r\u00e9ponse aux exigences du march\u00e9 et qu\u2019ils am\u00e9liorent les opportunit\u00e9s d&#8217;emploi pour les jeunes et les chefs de famille.<br \/>\nhttps:\/\/qna.org.qa\/fr-FR\/news\/news-details?id=qatar-charite-lance-un-ensemble-de-projets-dautonomisation-economique-en-mauritanie&#038;date=30\/06\/2025<\/p>\n","protected":false},"excerpt":{"rendered":"<p>Qatar Charit\u00e9, en coop\u00e9ration avec le minist\u00e8re de la Formation professionnelle, de l&#8217;Industrie traditionnelle et de l&#8217;Artisanat en Mauritanie, a lanc\u00e9 un ensemble de projets d&#8217;autonomisation \u00e9conomique visant les dipl\u00f4m\u00e9s des centres de formation professionnelle issus de familles \u00e0 faible revenu et leurs personnes \u00e0 charge. Qatar Charit\u00e9 a d\u00e9clar\u00e9, dans un communiqu\u00e9 aujourd&#8217;hui, que &hellip;<\/p>\n","protected":false},"author":2,"featured_media":16637,"comment_status":"open","ping_status":"open","sticky":false,"template":"","format":"standard","meta":{"footnotes":""},"categories":[18],"tags":[],"class_list":["post-16636","post","type-post","status-publish","format-standard","has-post-thumbnail","hentry","category-actualites"],"_links":{"self":[{"href":"https:\/\/ladepeche.mr\/index.php?rest_route=\/wp\/v2\/posts\/16636","targetHints":{"allow":["GET"]}}],"collection":[{"href":"https:\/\/ladepeche.mr\/index.php?rest_route=\/wp\/v2\/posts"}],"about":[{"href":"https:\/\/ladepeche.mr\/index.php?rest_route=\/wp\/v2\/types\/post"}],"author":[{"embeddable":true,"href":"https:\/\/ladepeche.mr\/index.php?rest_route=\/wp\/v2\/users\/2"}],"replies":[{"embeddable":true,"href":"https:\/\/ladepeche.mr\/index.php?rest_route=%2Fwp%2Fv2%2Fcomments&post=16636"}],"version-history":[{"count":1,"href":"https:\/\/ladepeche.mr\/index.php?rest_route=\/wp\/v2\/posts\/16636\/revisions"}],"predecessor-version":[{"id":16638,"href":"https:\/\/ladepeche.mr\/index.php?rest_route=\/wp\/v2\/posts\/16636\/revisions\/16638"}],"wp:featuredmedia":[{"embeddable":true,"href":"https:\/\/ladepeche.mr\/index.php?rest_route=\/wp\/v2\/media\/16637"}],"wp:attachment":[{"href":"https:\/\/ladepeche.mr\/index.php?rest_route=%2Fwp%2Fv2%2Fmedia&parent=16636"}],"wp:term":[{"taxonomy":"category","embeddable":true,"href":"https:\/\/ladepeche.mr\/index.php?rest_route=%2Fwp%2Fv2%2Fcategories&post=16636"},{"taxonomy":"post_tag","embeddable":true,"href":"https:\/\/ladepeche.mr\/index.php?rest_route=%2Fwp%2Fv2%2Ftags&post=16636"}],"curies":[{"name":"wp","href":"https:\/\/api.w.org\/{rel}","templated":true}]}}