{"id":16639,"date":"2025-06-30T16:44:30","date_gmt":"2025-06-30T16:44:30","guid":{"rendered":"https:\/\/ladepeche.mr\/?p=16639"},"modified":"2025-06-30T18:12:12","modified_gmt":"2025-06-30T18:12:12","slug":"le-president-de-la-republique-reaffirme-lappui-de-la-mauritanie-aux-resultats-du-quatrieme-sommet-international-sur-le-financement-du-developpement","status":"publish","type":"post","link":"https:\/\/ladepeche.mr\/?p=16639","title":{"rendered":"Le Pr\u00e9sident r\u00e9affirme l\u2019appui de la Mauritanie aux r\u00e9sultats du quatri\u00e8me Sommet international sur le financement du d\u00e9veloppement"},"content":{"rendered":"<p>Le Pr\u00e9sident de la R\u00e9publique, Monsieur Mohamed Ould Cheikh El Ghazouani, a affirm\u00e9 que la R\u00e9publique islamique de Mauritanie s\u2019engage \u00e0 mettre en \u0153uvre les r\u00e9sultats du Quatri\u00e8me Sommet international sur le financement du d\u00e9veloppement et sa volont\u00e9 de contribuer au respect des recommandations et engagements qui en d\u00e9coulent.<br \/>\nDans un discours prononc\u00e9 lors de la s\u00e9ance d\u2019ouverture de la quatri\u00e8me Conf\u00e9rence internationale sur le financement du d\u00e9veloppement (FFD4), qui s\u2019est ouverte, lundi matin \u00e0 S\u00e9ville, en Espagne, Son Excellence le Pr\u00e9sident de la R\u00e9publique a exprim\u00e9 sa gratitude des efforts louables d\u00e9ploy\u00e9s par les Nations Unies \u00e0 travers toutes ses institutions sp\u00e9cialis\u00e9es pour mettre en \u0153uvre le Programme d\u2019action d\u2019Addis-Abeba 2015 et les engagements du Pacte pour l\u2019avenir 2024, en particulier, en ce qui concerne la promotion de l\u2019esprit de partenariat et de solidarit\u00e9, le renforcement de la coop\u00e9ration multilat\u00e9rale pour cr\u00e9er un environnement propice au d\u00e9veloppement durable et la r\u00e9forme du syst\u00e8me de gouvernance financi\u00e8re internationale afin de trouver les moyens les plus efficaces de financer un d\u00e9veloppement efficace, \u00e9quitable et durable.<\/p>\n<p>La Conf\u00e9rence repr\u00e9sente une occasion pr\u00e9cieuse de r\u00e9aliser des progr\u00e8s significatifs dont les pays en d\u00e9veloppement ont besoin, compte tenu de la diversit\u00e9 et de l\u2019ampleur des d\u00e9fis qui entravent le processus de mise en place d\u2019un d\u00e9veloppement durable, global et \u00e9quilibr\u00e9.<\/p>\n<p>Voici le discours int\u00e9gral prononc\u00e9 par Son Excellence le Pr\u00e9sident de la R\u00e9publique devant les conf\u00e9renciers :<\/p>\n<p>\u00ab Au nom d\u2019Allah, le Tout Mis\u00e9ricordieux, le Tout Mis\u00e9ricordieux<\/p>\n<p>Paix et Salut sur le Proph\u00e8te Mohamed<\/p>\n<p>Monsieur le Pr\u00e9sident du Gouvernement espagnol, pr\u00e9sident de la Conf\u00e9rence,<\/p>\n<p>Excellences,<\/p>\n<p>Monsieur le Secr\u00e9taire g\u00e9n\u00e9ral de l\u2019Organisation des Nations Unies,<\/p>\n<p>Mesdames et Messieurs, honorables invit\u00e9s,<\/p>\n<p>Je voudrais tout d\u2019abord remercier S. E. M. Pedro S\u00e1nchez, Pr\u00e9sident du Gouvernement espagnol, de l\u2019aimable invitation qu\u2019il m\u2019a adress\u00e9e et de l\u2019estime dont j\u2019ai fait l\u2019objet de sa part,<\/p>\n<p>Je tiens, \u00e9galement, \u00e0 exprimer notre profonde gratitude \u00e0 Son Excellence Ant\u00f3nio Guterres et \u00e0 toutes les institutions sp\u00e9cialis\u00e9es des Nations Unies pour les efforts louables d\u00e9ploy\u00e9s en vue de mettre en \u0153uvre le Programme d\u2019action d\u2019Addis-Abeba 2015 et les engagements pris dans le Pacte l\u2019avenir 2024, en particulier, en ce qui concerne la promotion de l\u2019esprit de partenariat et de solidarit\u00e9, le renforcement de la coop\u00e9ration multilat\u00e9rale en vue de cr\u00e9er un environnement propice au d\u00e9veloppement durable, ainsi que la r\u00e9forme du syst\u00e8me de gouvernance financi\u00e8re internationale visant \u00e0 trouver les moyens les plus efficaces pour financer le d\u00e9veloppement de mani\u00e8re plus efficace, plus \u00e9quitable et plus durable.<\/p>\n<p>La convocation de cette quatri\u00e8me \u00e9dition de la Conf\u00e9rence internationale sur le financement du d\u00e9veloppement est une occasion pr\u00e9cieuse pour r\u00e9aliser des progr\u00e8s significatifs \u00e0 ce niveau, des progr\u00e8s dont nos pays en d\u00e9veloppement et le monde, en g\u00e9n\u00e9ral, ont plus que jamais besoin, compte tenu de la diversit\u00e9 et de l\u2019ampleur des d\u00e9fis qui entravent le processus d\u2019\u00e9dification d\u2019un d\u00e9veloppement durable, global et \u00e9quilibr\u00e9.<\/p>\n<p>Excellences<\/p>\n<p>Mesdames et messieurs<\/p>\n<p>La pauvret\u00e9 et la fragilit\u00e9 g\u00e9n\u00e9ralis\u00e9es que conna\u00eet notre monde, en particulier, les pays en d\u00e9veloppement, la faiblesse des infrastructures, le manque d\u2019acc\u00e8s aux services de base, la mont\u00e9e de la violence et du terrorisme, la multiplicit\u00e9 des foyers de tensions et de guerres, en plus de la d\u00e9t\u00e9rioration de la situation environnementale g\u00e9n\u00e9rale de la plan\u00e8te, sont autant d\u2019indices de d\u00e9sespoir quant \u00e0 l\u2019atteintes des objectifs du d\u00e9veloppement durable dans un horizon pr\u00e9visible si la situation actuelle perdure.<\/p>\n<p>La r\u00e9alisation des objectifs du d\u00e9veloppement n\u00e9cessite la mobilisation d\u2019\u00e9normes ressources et un acc\u00e8s fluide, \u00e9quitable et efficace \u00e0 celles-ci, c\u2019est pourquoi notre pays, \u00e0 l\u2019instar de la plupart des pays en d\u00e9veloppement, a d\u00e9ploy\u00e9 des efforts inlassables pour am\u00e9liorer le niveau de mobilisation des ressources autonomes en classant la plupart des activit\u00e9s du secteur parall\u00e8le, en promouvant la num\u00e9risation de l\u2019\u00e9conomie, en promouvant le secteur priv\u00e9, en d\u00e9veloppant les march\u00e9s financiers et en am\u00e9liorant la gouvernance du syst\u00e8me fiscal.<\/p>\n<p>Cependant, les ressources que les pays en d\u00e9veloppement eux-m\u00eames peuvent mobiliser, quel qu\u2019en soit le montant, ne couvrent qu\u2019une fraction de leurs besoins croissants en mati\u00e8re de d\u00e9veloppement, et le financement ext\u00e9rieur, qui reste malheureusement rare, injuste et in\u00e9quitable, est le principal moyen de combler ce d\u00e9ficit.<\/p>\n<p>Conscients de ce fait, la plupart des pays en d\u00e9veloppement se sont efforc\u00e9s de cr\u00e9er les conditions n\u00e9cessaires pour attirer les investissements \u00e9trangers, qu\u2019il s\u2019agisse de consolider l\u2019\u00e9tat de droit, d\u2019accro\u00eetre la transparence, de lutter contre la corruption et d\u2019am\u00e9liorer le climat des affaires, ou d\u2019offrir de nombreuses opportunit\u00e9s d\u2019investissement prometteuses.<\/p>\n<p>Cependant, les m\u00e9canismes de financement du d\u00e9veloppement dans le syst\u00e8me financier international existant n\u2019aident pas, et leur incapacit\u00e9 \u00e0 r\u00e9pondre efficacement au volume croissant des outils n\u00e9cessaires \u00e0 un d\u00e9veloppement durable \u00e9quilibr\u00e9 devient \u00e9vidente.<\/p>\n<p>Le ratio de l\u2019aide publique au d\u00e9veloppement par rapport au PIB mondial reste inf\u00e9rieur \u00e0 l\u2019objectif de 0,7 % convenu au niveau international, le probl\u00e8me de la dette continue de cro\u00eetre r\u00e9guli\u00e8rement, les conditions d\u2019acc\u00e8s aux pr\u00eats sont in\u00e9quitables et l\u2019acc\u00e8s au financement n\u2019est ni \u00e9quitable ni \u00e9quilibr\u00e9.<\/p>\n<p>Ce n\u2019est un secret pour personne qu\u2019il n\u2019y a aucun espoir de d\u00e9veloppement dans un pays en d\u00e9veloppement s\u2019il continue \u00e0 d\u00e9penser plus pour le remboursement de sa dette que pour l\u2019\u00e9ducation, la sant\u00e9 et les services de base et s\u2019il lui co\u00fbte beaucoup plus cher \u00e0 emprunter que les pays d\u00e9velopp\u00e9s.<\/p>\n<p>La coop\u00e9ration multilat\u00e9rale doit \u00eatre renforc\u00e9e, d\u2019une mani\u00e8re qui renouvelle la confiance et la solidarit\u00e9 entre les peuples et les pays, afin de trouver des solutions qui comblent le d\u00e9ficit de financement du d\u00e9veloppement en r\u00e9formant la gouvernance financi\u00e8re internationale, en augmentant l\u2019aide publique au d\u00e9veloppement, en restructurant les institutions financi\u00e8res internationales et en annulant ou en restructurant leurs dettes de mani\u00e8re \u00e0 cr\u00e9er l\u2019espace budg\u00e9taire n\u00e9cessaire \u00e0 des investissements plus durables.<\/p>\n<p>Nous devons adopter des m\u00e9canismes de financement novateurs pour cr\u00e9er des entreprises solides qui s\u2019adaptent aux complexit\u00e9s croissantes du paysage mondial du d\u00e9veloppement, compensant le recul des opportunit\u00e9s de financement traditionnelles.<\/p>\n<p>Cela est dict\u00e9 par notre responsabilit\u00e9 collective envers notre avenir commun et par notre besoin crucial de sortir notre plan\u00e8te de la perte pour atteindre un d\u00e9veloppement durable et global qui assure la s\u00e9curit\u00e9 et la prosp\u00e9rit\u00e9 \u00e0 tous les peuples du monde.<\/p>\n<p>C\u2019est pourquoi la R\u00e9publique islamique de Mauritanie r\u00e9affirme son plein appui aux r\u00e9sultats de ce quatri\u00e8me Sommet international sur le financement du d\u00e9veloppement et sa volont\u00e9 de contribuer \u00e0 la mise en \u0153uvre de ses recommandations et des engagements qui en d\u00e9coulent dans le cadre de l\u2019engagement de S\u00e9ville, dans un esprit de s\u00e9rieux, de responsabilit\u00e9 et de coop\u00e9ration constructive.<\/p>\n<p>Je vous remercie\u201d.<\/p>\n","protected":false},"excerpt":{"rendered":"<p>Le Pr\u00e9sident de la R\u00e9publique, Monsieur Mohamed Ould Cheikh El Ghazouani, a affirm\u00e9 que la R\u00e9publique islamique de Mauritanie s\u2019engage \u00e0 mettre en \u0153uvre les r\u00e9sultats du Quatri\u00e8me Sommet international sur le financement du d\u00e9veloppement et sa volont\u00e9 de contribuer au respect des recommandations et engagements qui en d\u00e9coulent. Dans un discours prononc\u00e9 lors de &hellip;<\/p>\n","protected":false},"author":2,"featured_media":16640,"comment_status":"open","ping_status":"open","sticky":false,"template":"","format":"standard","meta":{"footnotes":""},"categories":[18,2],"tags":[],"class_list":["post-16639","post","type-post","status-publish","format-standard","has-post-thumbnail","hentry","category-actualites","category-economie"],"_links":{"self":[{"href":"https:\/\/ladepeche.mr\/index.php?rest_route=\/wp\/v2\/posts\/16639","targetHints":{"allow":["GET"]}}],"collection":[{"href":"https:\/\/ladepeche.mr\/index.php?rest_route=\/wp\/v2\/posts"}],"about":[{"href":"https:\/\/ladepeche.mr\/index.php?rest_route=\/wp\/v2\/types\/post"}],"author":[{"embeddable":true,"href":"https:\/\/ladepeche.mr\/index.php?rest_route=\/wp\/v2\/users\/2"}],"replies":[{"embeddable":true,"href":"https:\/\/ladepeche.mr\/index.php?rest_route=%2Fwp%2Fv2%2Fcomments&post=16639"}],"version-history":[{"count":2,"href":"https:\/\/ladepeche.mr\/index.php?rest_route=\/wp\/v2\/posts\/16639\/revisions"}],"predecessor-version":[{"id":16647,"href":"https:\/\/ladepeche.mr\/index.php?rest_route=\/wp\/v2\/posts\/16639\/revisions\/16647"}],"wp:featuredmedia":[{"embeddable":true,"href":"https:\/\/ladepeche.mr\/index.php?rest_route=\/wp\/v2\/media\/16640"}],"wp:attachment":[{"href":"https:\/\/ladepeche.mr\/index.php?rest_route=%2Fwp%2Fv2%2Fmedia&parent=16639"}],"wp:term":[{"taxonomy":"category","embeddable":true,"href":"https:\/\/ladepeche.mr\/index.php?rest_route=%2Fwp%2Fv2%2Fcategories&post=16639"},{"taxonomy":"post_tag","embeddable":true,"href":"https:\/\/ladepeche.mr\/index.php?rest_route=%2Fwp%2Fv2%2Ftags&post=16639"}],"curies":[{"name":"wp","href":"https:\/\/api.w.org\/{rel}","templated":true}]}}