{"id":16642,"date":"2025-06-30T18:08:42","date_gmt":"2025-06-30T18:08:42","guid":{"rendered":"https:\/\/ladepeche.mr\/?p=16642"},"modified":"2025-06-30T18:09:59","modified_gmt":"2025-06-30T18:09:59","slug":"3e-forum-economique-mauritano-saoudien-cap-sur-un-partenariat-strategique-renforce","status":"publish","type":"post","link":"https:\/\/ladepeche.mr\/?p=16642","title":{"rendered":"3\u00e8me Forum \u00c9conomique Mauritano-Saoudien: Cap sur un partenariat strat\u00e9gique renforc\u00e9"},"content":{"rendered":"<p>Le troisi\u00e8me Forum \u00c9conomique Mauritano-Saoudien a officiellement d\u00e9marr\u00e9 ce lundi \u00e0 Nouakchott, r\u00e9unissant ministres, hauts responsables, acteurs \u00e9conomiques et hommes d&#8217;affaires des deux pays. L\u2019\u00e9v\u00e9nement marque une nouvelle \u00e9tape dans le renforcement des relations \u00e9conomiques entre la Mauritanie et l\u2019Arabie Saoudite. Les objectifs strat\u00e9giques du Forum sont clairs et visent \u00e0 concr\u00e9tiser les orientations donn\u00e9es par les dirigeants des deux pays pour cr\u00e9er des projets concrets et pour consolider un partenariat durable, \u00e0 travers une collaboration accrue entre les secteurs priv\u00e9s mauritanien et saoudien.<\/p>\n<p><strong>Visions et opportunit\u00e9s<\/strong><br \/>\nDans son intervention, la Ministre du Commerce et du Tourisme, Mme Zeinebou Mint Ahmednah, a mis en lumi\u00e8re l\u2019importance de ce forum dans un contexte de mutations \u00e9conomiques mondiales. Elle a rappel\u00e9 que le Royaume d\u2019Arabie Saoudite est un partenaire strat\u00e9gique de la Mauritanie, insistant sur la n\u00e9cessit\u00e9 d\u2019une coop\u00e9ration renforc\u00e9e entre les secteurs priv\u00e9s. Elle a, par ailleurs, mis en exergue les opportunit\u00e9s en Mauritanie comme le d\u00e9marrage de la production de gaz naturel avec le S\u00e9n\u00e9gal, la richesse du sous-sol (fer, or, cuivre), le potentiel halieutique\u2026<br \/>\nElle a \u00e9galement soulign\u00e9 les efforts du gouvernement mauritanien pour am\u00e9liorer l\u2019environnement des affaires : r\u00e9forme du cadre juridique, d\u00e9veloppement des infrastructures, et cr\u00e9ation du Centre International de M\u00e9diation et d\u2019Arbitrage.<br \/>\nC\u2019est fort de ce constat que l\u2019ambassadeur saoudien \u00e0 Nouakchott, Dr Abdul Aziz bin Abdullah Al-Ruqaibi, a regrett\u00e9 que les volumes d\u2019\u00e9changes (32 millions USD d\u2019exportations saoudiennes vers la Mauritanie en 2024) ne refl\u00e8tent pas le potentiel r\u00e9el des relations, ni la volont\u00e9 des deux dirigeants des deux pays \u00e0 hisser haut la coop\u00e9ration bilat\u00e9rale. Pour corriger cette r\u00e9alit\u00e9, il a appel\u00e9 \u00e0 intensifier les investissements et tirer profit des domaines strat\u00e9giques pour diversifier les \u00e9changes.<\/p>\n<p><strong>Le secteur priv\u00e9 comme socle \u00e0 la coop\u00e9ration<\/strong><br \/>\nLe pr\u00e9sident de l\u2019Union Nationale du Patronat Mauritanien, M. Mohamed Zeine El Abidine Ould Cheikh Ahmed, a salu\u00e9 la tenue du forum sous l\u2019impulsion des chefs d\u2019\u00c9tat des deux pays. Il a insist\u00e9 sur le r\u00f4le cl\u00e9 du secteur priv\u00e9 dans le d\u00e9veloppement \u00e9conomique bilat\u00e9ral.<br \/>\nDe son c\u00f4t\u00e9, M. Hassan bin Moajeb Al-Huwaizi, pr\u00e9sident de la F\u00e9d\u00e9ration des Chambres Saoudiennes, a appel\u00e9 \u00e0 une mobilisation du secteur priv\u00e9 pour exploiter pleinement les compl\u00e9mentarit\u00e9s \u00e9conomiques entre les deux pays.<br \/>\nIl a mis en avant l\u2019expertise saoudienne dans les secteurs p\u00e9trolier, minier, logistique, alimentaire et pharmaceutique, tout en exprimant le souhait d&#8217;\u00e9tablir un mod\u00e8le de coop\u00e9ration \u00e9conomique commun.<\/p>\n<p>Enfin, le pr\u00e9sident du Conseil d&#8217;affaires conjoint, M. Saeed bin Ali Al-Argan, a expos\u00e9 les objectifs du Conseil : accro\u00eetre les \u00e9changes, d\u00e9velopper des partenariats durables, soutenir les PME, encourager l\u2019entrepreneuriat et renforcer la coop\u00e9ration dans les secteurs de l\u2019innovation et des comp\u00e9tences.<\/p>\n<p>(avec AMI)<\/p>\n","protected":false},"excerpt":{"rendered":"<p>Le troisi\u00e8me Forum \u00c9conomique Mauritano-Saoudien a officiellement d\u00e9marr\u00e9 ce lundi \u00e0 Nouakchott, r\u00e9unissant ministres, hauts responsables, acteurs \u00e9conomiques et hommes d&#8217;affaires des deux pays. L\u2019\u00e9v\u00e9nement marque une nouvelle \u00e9tape dans le renforcement des relations \u00e9conomiques entre la Mauritanie et l\u2019Arabie Saoudite. Les objectifs strat\u00e9giques du Forum sont clairs et visent \u00e0 concr\u00e9tiser les orientations donn\u00e9es &hellip;<\/p>\n","protected":false},"author":2,"featured_media":16643,"comment_status":"open","ping_status":"open","sticky":false,"template":"","format":"standard","meta":{"footnotes":""},"categories":[18,2],"tags":[],"class_list":["post-16642","post","type-post","status-publish","format-standard","has-post-thumbnail","hentry","category-actualites","category-economie"],"_links":{"self":[{"href":"https:\/\/ladepeche.mr\/index.php?rest_route=\/wp\/v2\/posts\/16642","targetHints":{"allow":["GET"]}}],"collection":[{"href":"https:\/\/ladepeche.mr\/index.php?rest_route=\/wp\/v2\/posts"}],"about":[{"href":"https:\/\/ladepeche.mr\/index.php?rest_route=\/wp\/v2\/types\/post"}],"author":[{"embeddable":true,"href":"https:\/\/ladepeche.mr\/index.php?rest_route=\/wp\/v2\/users\/2"}],"replies":[{"embeddable":true,"href":"https:\/\/ladepeche.mr\/index.php?rest_route=%2Fwp%2Fv2%2Fcomments&post=16642"}],"version-history":[{"count":3,"href":"https:\/\/ladepeche.mr\/index.php?rest_route=\/wp\/v2\/posts\/16642\/revisions"}],"predecessor-version":[{"id":16646,"href":"https:\/\/ladepeche.mr\/index.php?rest_route=\/wp\/v2\/posts\/16642\/revisions\/16646"}],"wp:featuredmedia":[{"embeddable":true,"href":"https:\/\/ladepeche.mr\/index.php?rest_route=\/wp\/v2\/media\/16643"}],"wp:attachment":[{"href":"https:\/\/ladepeche.mr\/index.php?rest_route=%2Fwp%2Fv2%2Fmedia&parent=16642"}],"wp:term":[{"taxonomy":"category","embeddable":true,"href":"https:\/\/ladepeche.mr\/index.php?rest_route=%2Fwp%2Fv2%2Fcategories&post=16642"},{"taxonomy":"post_tag","embeddable":true,"href":"https:\/\/ladepeche.mr\/index.php?rest_route=%2Fwp%2Fv2%2Ftags&post=16642"}],"curies":[{"name":"wp","href":"https:\/\/api.w.org\/{rel}","templated":true}]}}