{"id":16648,"date":"2025-06-30T19:00:34","date_gmt":"2025-06-30T19:00:34","guid":{"rendered":"https:\/\/ladepeche.mr\/?p=16648"},"modified":"2025-06-30T18:34:39","modified_gmt":"2025-06-30T18:34:39","slug":"finances-publiques-vers-une-meilleure-gestion-de-la-dette-de-letat","status":"publish","type":"post","link":"https:\/\/ladepeche.mr\/?p=16648","title":{"rendered":"Finances publiques : vers une meilleure gestion de la dette de l&#8217;\u00c9tat"},"content":{"rendered":"<p>Le ministre d\u00e9l\u00e9gu\u00e9 charg\u00e9 du Budget a pr\u00e9sent\u00e9 devant la Commission des Finances un projet de loi visant \u00e0 ratifier une convention de consolidation des cr\u00e9ances de la Banque centrale sur l\u2019\u00c9tat. Une op\u00e9ration qui promet d\u2019all\u00e9ger la charge de la dette et d&#8217;am\u00e9liorer la situation budg\u00e9taire.<br \/>\nLe ministre d\u00e9l\u00e9gu\u00e9 aupr\u00e8s du ministre de l\u2019\u00c9conomie et des Finances, charg\u00e9 du Budget, M. Codioro Moussa N\u2019guenore, a soumis ce lundi \u00e0 l\u2019examen de la Commission des Finances de l\u2019Assembl\u00e9e nationale un projet de loi relatif \u00e0 la ratification d\u2019une convention de consolidation des cr\u00e9ances de la Banque centrale de Mauritanie (BCM) sur l\u2019\u00c9tat.<br \/>\nCette convention, d\u2019un montant total initial de 16,2 milliards MRU, a \u00e9t\u00e9 revue \u00e0 la baisse \u00e0 11,98 milliards MRU apr\u00e8s l&#8217;application des normes internationales d&#8217;information financi\u00e8re (IFRS) et une d\u00e9cote comptable globale de 4,26 milliards MRU. Elle porte sur deux cr\u00e9ances : une premi\u00e8re convention sign\u00e9e en 2018 pour 15,5 milliards MRU, et une seconde conclue en 2021 portant sur la vente d\u2019un immeuble estim\u00e9 \u00e0 0,7 milliard MRU.<br \/>\nDans un souci de transparence et de rigueur budg\u00e9taire, les nouvelles modalit\u00e9s de remboursement s\u2019articulent autour de plusieurs leviers : l\u2019\u00e9mission de bons du Tr\u00e9sor \u00e0 hauteur de 4,8 milliards MRU sur dix ans avec un taux d\u2019int\u00e9r\u00eat de 5,5 %, la valorisation d\u2019un terrain de 2 milliards MRU, la conversion partielle (50 %) de la participation de l\u2019\u00c9tat au capital de la Banque maghr\u00e9bine d\u2019investissement (218 millions MRU), et enfin un remboursement en tranches fixes du solde restant, soit 4,96 milliards MRU.<br \/>\nSelon le ministre, ce nouveau plan permettrait de r\u00e9duire significativement la dur\u00e9e de remboursement de la dette, passant de 40 ans \u00e0 13,75 ans, sans augmenter les annuit\u00e9s annuelles. \u00c0 partir de la troisi\u00e8me ann\u00e9e, ces derni\u00e8res commenceront m\u00eame \u00e0 d\u00e9cro\u00eetre, diminuant ainsi la pression sur les finances publiques.<br \/>\nLes taux d\u2019int\u00e9r\u00eat appliqu\u00e9s dans cette convention ont \u00e9t\u00e9 d\u00e9termin\u00e9s \u00e0 partir d&#8217;une courbe de rendement construite sur la base d\u2019un panel de pays au profil de risque comparable. Cette op\u00e9ration s\u2019inscrit aussi dans le cadre de l\u2019alignement de la Mauritanie avec les exigences du programme de Facilit\u00e9 \u00e9largie de cr\u00e9dit sign\u00e9 avec le Fonds mon\u00e9taire international (FMI).<br \/>\nEn plus d\u2019assainir la situation financi\u00e8re de l\u2019\u00c9tat, cette convention vise \u00e0 favoriser le d\u00e9veloppement du march\u00e9 mon\u00e9taire national, notamment par la mise en place d\u2019une courbe de rendement de r\u00e9f\u00e9rence, ce qui pourrait, \u00e0 terme, faire baisser les taux d\u2019int\u00e9r\u00eat sur les titres publics et faciliter l\u2019acc\u00e8s du pays \u00e0 des financements \u00e0 meilleur co\u00fbt.<br \/>\n(avec note MEF)<\/p>\n","protected":false},"excerpt":{"rendered":"<p>Le ministre d\u00e9l\u00e9gu\u00e9 charg\u00e9 du Budget a pr\u00e9sent\u00e9 devant la Commission des Finances un projet de loi visant \u00e0 ratifier une convention de consolidation des cr\u00e9ances de la Banque centrale sur l\u2019\u00c9tat. Une op\u00e9ration qui promet d\u2019all\u00e9ger la charge de la dette et d&#8217;am\u00e9liorer la situation budg\u00e9taire. Le ministre d\u00e9l\u00e9gu\u00e9 aupr\u00e8s du ministre de l\u2019\u00c9conomie &hellip;<\/p>\n","protected":false},"author":2,"featured_media":16649,"comment_status":"open","ping_status":"open","sticky":false,"template":"","format":"standard","meta":{"footnotes":""},"categories":[18,2],"tags":[],"class_list":["post-16648","post","type-post","status-publish","format-standard","has-post-thumbnail","hentry","category-actualites","category-economie"],"_links":{"self":[{"href":"https:\/\/ladepeche.mr\/index.php?rest_route=\/wp\/v2\/posts\/16648","targetHints":{"allow":["GET"]}}],"collection":[{"href":"https:\/\/ladepeche.mr\/index.php?rest_route=\/wp\/v2\/posts"}],"about":[{"href":"https:\/\/ladepeche.mr\/index.php?rest_route=\/wp\/v2\/types\/post"}],"author":[{"embeddable":true,"href":"https:\/\/ladepeche.mr\/index.php?rest_route=\/wp\/v2\/users\/2"}],"replies":[{"embeddable":true,"href":"https:\/\/ladepeche.mr\/index.php?rest_route=%2Fwp%2Fv2%2Fcomments&post=16648"}],"version-history":[{"count":1,"href":"https:\/\/ladepeche.mr\/index.php?rest_route=\/wp\/v2\/posts\/16648\/revisions"}],"predecessor-version":[{"id":16650,"href":"https:\/\/ladepeche.mr\/index.php?rest_route=\/wp\/v2\/posts\/16648\/revisions\/16650"}],"wp:featuredmedia":[{"embeddable":true,"href":"https:\/\/ladepeche.mr\/index.php?rest_route=\/wp\/v2\/media\/16649"}],"wp:attachment":[{"href":"https:\/\/ladepeche.mr\/index.php?rest_route=%2Fwp%2Fv2%2Fmedia&parent=16648"}],"wp:term":[{"taxonomy":"category","embeddable":true,"href":"https:\/\/ladepeche.mr\/index.php?rest_route=%2Fwp%2Fv2%2Fcategories&post=16648"},{"taxonomy":"post_tag","embeddable":true,"href":"https:\/\/ladepeche.mr\/index.php?rest_route=%2Fwp%2Fv2%2Ftags&post=16648"}],"curies":[{"name":"wp","href":"https:\/\/api.w.org\/{rel}","templated":true}]}}