{"id":16651,"date":"2025-07-01T10:20:25","date_gmt":"2025-07-01T10:20:25","guid":{"rendered":"https:\/\/ladepeche.mr\/?p=16651"},"modified":"2025-07-03T22:54:57","modified_gmt":"2025-07-03T22:54:57","slug":"lutte-contre-limmigration-clandestine-mission-de-sensibilisation-du-parquet-general-a-kiffa","status":"publish","type":"post","link":"https:\/\/ladepeche.mr\/?p=16651","title":{"rendered":"Lutte contre l\u2019immigration clandestine : mission de sensibilisation du parquet g\u00e9n\u00e9ral \u00e0 Kiffa"},"content":{"rendered":"<p>Dans le cadre d&#8217;une visite de travail dans la r\u00e9gion de l\u2019Assaba, le procureur g\u00e9n\u00e9ral pr\u00e8s la Cour supr\u00eame, Mohamed Lemine Mohamed Lemine, a pr\u00e9sid\u00e9 ce lundi \u00e0 Kiffa, capitale r\u00e9gionale, plusieurs r\u00e9unions de sensibilisation ax\u00e9es sur la lutte contre l\u2019immigration clandestine. Cette initiative vise \u00e0 renforcer la coordination avec les autorit\u00e9s judiciaires et les parquets locaux pour endiguer ce ph\u00e9nom\u00e8ne \u00e0 travers une application rigoureuse de la loi.<br \/>\nLe procureur g\u00e9n\u00e9ral a mis l\u2019accent sur l\u2019importance de traiter avec fermet\u00e9, dans le respect des cadres juridiques, les cas li\u00e9s \u00e0 la traite de personnes via les r\u00e9seaux d\u2019immigration ill\u00e9gale. Cette d\u00e9marche s\u2019inscrit dans une mission plus large d\u2019\u00e9valuation de la politique p\u00e9nale nationale, des conditions de d\u00e9tention, du fonctionnement des parquets et de l\u2019efficacit\u00e9 de la police judiciaire.<\/p>\n<p>Au cours de sa visite, le magistrat s\u2019est entretenu avec les diff\u00e9rents acteurs du syst\u00e8me judiciaire pour identifier les obstacles auxquels font face les services d\u2019enqu\u00eate et les parquets sur le terrain. Il a \u00e9galement visit\u00e9 l\u2019\u00e9tablissement p\u00e9nitentiaire de Kiffa pour examiner les conditions carc\u00e9rales.<\/p>\n<p>Les discussions ont abord\u00e9 plusieurs aspects prioritaires de la politique p\u00e9nale, notamment la gestion des affaires de crimes graves (meurtre, viol, esclavage, trafic de drogues \u00e0 haut risque), ainsi que les d\u00e9lits en forte augmentation, tels que la fraude num\u00e9rique et les vols via des applications financi\u00e8res. Le procureur g\u00e9n\u00e9ral a soulign\u00e9 la n\u00e9cessit\u00e9 pour les membres du parquet d\u2019assurer un suivi rigoureux des enqu\u00eates, d\u2019alimenter r\u00e9guli\u00e8rement le casier judiciaire national en lien avec l\u2019\u00e9tat civil, et de veiller \u00e0 l&#8217;enregistrement syst\u00e9matique des d\u00e9cisions judiciaires d\u00e9finitives.<\/p>\n<p>Mohamed Lemine Mohamed Lemine \u00e9tait accompagn\u00e9, lors de cette mission, ses adjoints, le juge Ethmane El Yamani et le juge Mahmouden Ahmedou Abatt.<\/p>\n<p>Pour rappel, la Mauritanie est engag\u00e9e avec l&#8217;UE dans un programme ambitieux de lutte contre l&#8217;immigration vers le vieux continent notamment via le ph\u00e9nom\u00e8ne des &#8216;pateras&#8221; (pirogues) en direction des Iles Canaries (Espagne).<br \/>\nSelon le m\u00e9dia sp\u00e9cialis\u00e9 &#8220;infosmigrants&#8221;, la Mauritanie aurait intercept\u00e9, depuis juillet 2025, 30 000 migrants et d\u00e9mantel\u00e9 plus de 80 r\u00e9seaux de passeurs.<\/p>\n<p>(avec Ami)<\/p>\n","protected":false},"excerpt":{"rendered":"<p>Dans le cadre d&#8217;une visite de travail dans la r\u00e9gion de l\u2019Assaba, le procureur g\u00e9n\u00e9ral pr\u00e8s la Cour supr\u00eame, Mohamed Lemine Mohamed Lemine, a pr\u00e9sid\u00e9 ce lundi \u00e0 Kiffa, capitale r\u00e9gionale, plusieurs r\u00e9unions de sensibilisation ax\u00e9es sur la lutte contre l\u2019immigration clandestine. Cette initiative vise \u00e0 renforcer la coordination avec les autorit\u00e9s judiciaires et les &hellip;<\/p>\n","protected":false},"author":2,"featured_media":16652,"comment_status":"open","ping_status":"open","sticky":false,"template":"","format":"standard","meta":{"footnotes":""},"categories":[18],"tags":[],"class_list":["post-16651","post","type-post","status-publish","format-standard","has-post-thumbnail","hentry","category-actualites"],"_links":{"self":[{"href":"https:\/\/ladepeche.mr\/index.php?rest_route=\/wp\/v2\/posts\/16651","targetHints":{"allow":["GET"]}}],"collection":[{"href":"https:\/\/ladepeche.mr\/index.php?rest_route=\/wp\/v2\/posts"}],"about":[{"href":"https:\/\/ladepeche.mr\/index.php?rest_route=\/wp\/v2\/types\/post"}],"author":[{"embeddable":true,"href":"https:\/\/ladepeche.mr\/index.php?rest_route=\/wp\/v2\/users\/2"}],"replies":[{"embeddable":true,"href":"https:\/\/ladepeche.mr\/index.php?rest_route=%2Fwp%2Fv2%2Fcomments&post=16651"}],"version-history":[{"count":3,"href":"https:\/\/ladepeche.mr\/index.php?rest_route=\/wp\/v2\/posts\/16651\/revisions"}],"predecessor-version":[{"id":16655,"href":"https:\/\/ladepeche.mr\/index.php?rest_route=\/wp\/v2\/posts\/16651\/revisions\/16655"}],"wp:featuredmedia":[{"embeddable":true,"href":"https:\/\/ladepeche.mr\/index.php?rest_route=\/wp\/v2\/media\/16652"}],"wp:attachment":[{"href":"https:\/\/ladepeche.mr\/index.php?rest_route=%2Fwp%2Fv2%2Fmedia&parent=16651"}],"wp:term":[{"taxonomy":"category","embeddable":true,"href":"https:\/\/ladepeche.mr\/index.php?rest_route=%2Fwp%2Fv2%2Fcategories&post=16651"},{"taxonomy":"post_tag","embeddable":true,"href":"https:\/\/ladepeche.mr\/index.php?rest_route=%2Fwp%2Fv2%2Ftags&post=16651"}],"curies":[{"name":"wp","href":"https:\/\/api.w.org\/{rel}","templated":true}]}}