{"id":16664,"date":"2025-07-01T18:37:11","date_gmt":"2025-07-01T18:37:11","guid":{"rendered":"https:\/\/ladepeche.mr\/?p=16664"},"modified":"2025-07-01T18:37:11","modified_gmt":"2025-07-01T18:37:11","slug":"mali-les-jihadistes-du-jnim-menent-sept-attaques-simultanees-a-kayes-nioro-et-niono-notamment","status":"publish","type":"post","link":"https:\/\/ladepeche.mr\/?p=16664","title":{"rendered":"Mali: les jihadistes du Jnim m\u00e8nent sept attaques simultan\u00e9es, \u00e0 Kayes, Nioro et Niono, notamment"},"content":{"rendered":"<p>Au Mali, sept villes ont \u00e9t\u00e9 attaqu\u00e9es tr\u00e8s t\u00f4t, mardi 1er juillet au matin. C&#8217;est ce qu&#8217;a indiqu\u00e9 l&#8217;\u00e9tat-major des arm\u00e9es dans un communiqu\u00e9. Celui-ci \u00e9voque des \u00ab attaques coordonn\u00e9es \u00bb contre ses positions, notamment dans les villes de Kayes, Nioro du Sahel et Niono, dans le sud du pays, le long des fronti\u00e8res s\u00e9n\u00e9galaise et mauritanienne. Les jihadistes du Groupe de soutien \u00e0 l&#8217;islam et aux musulmans (Jnim), li\u00e9 \u00e0 al-Qa\u00efda, ont commenc\u00e9 \u00e0 revendiquer ces attaques.<\/p>\n<p>Les premi\u00e8res d\u00e9tonations ont retenti \u00e0 l&#8217;aube, vers 4 heures du matin. C&#8217;est ce que rapportent plusieurs habitants de Kayes, Nioro, Niono et Gogui. Dans certaines localit\u00e9s, des tirs \u00e9taient encore rapport\u00e9s en milieu de matin\u00e9e, plusieurs heures apr\u00e8s le d\u00e9but des attaques.<\/p>\n<p>Des vid\u00e9os tourn\u00e9es au petit matin et presque imm\u00e9diatement diffus\u00e9es sur les r\u00e9seaux sociaux montrent la ville de Kayes parsem\u00e9e de panaches de fum\u00e9e noire. Des d\u00e9g\u00e2ts importants sont signal\u00e9s en divers lieux : le camp militaire de Kayes, plusieurs commissariats, la r\u00e9sidence du gouverneur notamment. Des morts sont \u00e9galement rapport\u00e9s, mais les informations sont encore tr\u00e8s parcellaires.<\/p>\n<p>Le Jnim a commenc\u00e9 \u00e0 diffuser des messages de revendication, affirmant notamment pris \u00ab le contr\u00f4le de 3 casernes et des dizaines de points militaires \u00bb \u00e0 Niono, Kayes et Nioro. Le Jnim revendique \u00e9galement \u00ab des bombardements contre la caserne de Molodo \u00bb.<\/p>\n<p>Jihadistes gisant au sol<br \/>\nDes images de jihadistes tu\u00e9s gisant au sol \u00e0 c\u00f4t\u00e9 de leur moto et de v\u00e9hicules d&#8217;assaillants en feu \u00e0 Niono circulent \u00e9galement, y compris sur des cha\u00eenes li\u00e9es \u00e0 l&#8217;Africa Corps, les successeurs de Wagner, pr\u00e9sents \u00e0 Niono. Certaines sources \u00e9voquent une riposte de l&#8217;aviation malienne.<\/p>\n<p>\u00c0 Kayes, les forces nationales ont repris le contr\u00f4le de la ville et les habitants sont ressortis pour constater les d\u00e9g\u00e2ts et commencer \u00e0 d\u00e9blayer. L&#8217;arm\u00e9e a confirm\u00e9 les attaques mais n&#8217;a encore diffus\u00e9 aucune pr\u00e9cision sur les actions entreprises depuis ce matin.<\/p>\n<p>https:\/\/www.msn.com\/fr-xl\/actualite\/afrique\/mali-les-jihadistes-du-jnim-m%C3%A8nent-sept-attaques-simultan%C3%A9es-%C3%A0-kayes-nioro-et-niono-notamment\/ar-AA1HLmiN?ocid=msedgntp&#038;pc=U531&#038;cvid=ea5af0630f43468481d598d351750ed9&#038;ei=22<\/p>\n","protected":false},"excerpt":{"rendered":"<p>Au Mali, sept villes ont \u00e9t\u00e9 attaqu\u00e9es tr\u00e8s t\u00f4t, mardi 1er juillet au matin. C&#8217;est ce qu&#8217;a indiqu\u00e9 l&#8217;\u00e9tat-major des arm\u00e9es dans un communiqu\u00e9. Celui-ci \u00e9voque des \u00ab attaques coordonn\u00e9es \u00bb contre ses positions, notamment dans les villes de Kayes, Nioro du Sahel et Niono, dans le sud du pays, le long des fronti\u00e8res s\u00e9n\u00e9galaise &hellip;<\/p>\n","protected":false},"author":2,"featured_media":16665,"comment_status":"open","ping_status":"open","sticky":false,"template":"","format":"standard","meta":{"footnotes":""},"categories":[18,29],"tags":[],"class_list":["post-16664","post","type-post","status-publish","format-standard","has-post-thumbnail","hentry","category-actualites","category-monde"],"_links":{"self":[{"href":"https:\/\/ladepeche.mr\/index.php?rest_route=\/wp\/v2\/posts\/16664","targetHints":{"allow":["GET"]}}],"collection":[{"href":"https:\/\/ladepeche.mr\/index.php?rest_route=\/wp\/v2\/posts"}],"about":[{"href":"https:\/\/ladepeche.mr\/index.php?rest_route=\/wp\/v2\/types\/post"}],"author":[{"embeddable":true,"href":"https:\/\/ladepeche.mr\/index.php?rest_route=\/wp\/v2\/users\/2"}],"replies":[{"embeddable":true,"href":"https:\/\/ladepeche.mr\/index.php?rest_route=%2Fwp%2Fv2%2Fcomments&post=16664"}],"version-history":[{"count":1,"href":"https:\/\/ladepeche.mr\/index.php?rest_route=\/wp\/v2\/posts\/16664\/revisions"}],"predecessor-version":[{"id":16666,"href":"https:\/\/ladepeche.mr\/index.php?rest_route=\/wp\/v2\/posts\/16664\/revisions\/16666"}],"wp:featuredmedia":[{"embeddable":true,"href":"https:\/\/ladepeche.mr\/index.php?rest_route=\/wp\/v2\/media\/16665"}],"wp:attachment":[{"href":"https:\/\/ladepeche.mr\/index.php?rest_route=%2Fwp%2Fv2%2Fmedia&parent=16664"}],"wp:term":[{"taxonomy":"category","embeddable":true,"href":"https:\/\/ladepeche.mr\/index.php?rest_route=%2Fwp%2Fv2%2Fcategories&post=16664"},{"taxonomy":"post_tag","embeddable":true,"href":"https:\/\/ladepeche.mr\/index.php?rest_route=%2Fwp%2Fv2%2Ftags&post=16664"}],"curies":[{"name":"wp","href":"https:\/\/api.w.org\/{rel}","templated":true}]}}