{"id":16667,"date":"2025-07-01T18:40:03","date_gmt":"2025-07-01T18:40:03","guid":{"rendered":"https:\/\/ladepeche.mr\/?p=16667"},"modified":"2025-07-01T18:40:03","modified_gmt":"2025-07-01T18:40:03","slug":"le-president-de-la-republique-regagne-nouakchott-en-provenance-de-seville","status":"publish","type":"post","link":"https:\/\/ladepeche.mr\/?p=16667","title":{"rendered":"Le Pr\u00e9sident de la R\u00e9publique regagne Nouakchott en provenance de S\u00e9ville"},"content":{"rendered":"<p>Son Excellence le Pr\u00e9sident de la R\u00e9publique, Monsieur Mohamed Ould Cheikh El Ghazouani, a regagn\u00e9 Nouakchott, mardi, en provenance de S\u00e9ville, en Espagne, apr\u00e8s avoir particip\u00e9, aux c\u00f4t\u00e9s de plus de 70 chefs d\u2019\u00c9tat et de gouvernement, et de responsables d\u2019institutions financi\u00e8res internationales, \u00e0 la quatri\u00e8me session de la Conf\u00e9rence internationale sur le financement du d\u00e9veloppement.<\/p>\n<p>A son arriv\u00e9e \u00e0 l\u2019a\u00e9roport international de Nouakchott, Son Excellence le Pr\u00e9sident de la R\u00e9publique a \u00e9t\u00e9 accueilli par le Premier ministre, Monsieur Moctar Ould Djay, le ministre secr\u00e9taire g\u00e9n\u00e9ral de la Pr\u00e9sidence de la R\u00e9publique, M. Moulay Ould Mohamed Laghdaf, les ministres conseillers \u00e0 la Pr\u00e9sidence, M. Mohamed Ould Abdallahi Ould Ethmane et Mme Aissata Ba Yahia, le ministre de la Justice, M. Mohamed Mahmoud Ould Cheikh Abdoullah Ben Boya, le ministre des Affaires \u00e9trang\u00e8res, de la Coop\u00e9ration africaine et des Mauritaniens de l\u2019Ext\u00e9rieur, M. Mohamed Salem Ould Merzoug, le ministre de la D\u00e9fense, des Affaires des Retrait\u00e9s et des Enfants de Martyrs, M. Hanenna Ould Sidi, le ministre de l\u2019Int\u00e9rieur, de la Promotion de la D\u00e9centralisation et du D\u00e9veloppement Local, M. Mohamed Ahmed Ould Mohamed Lemine, le Chef d\u2019Etat-Major Particulier du Pr\u00e9sident de la R\u00e9publique, le G\u00e9n\u00e9ral de division, Brahim Vall Cheibani Cheikh Ahmed, la directrice adjointe de cabinet du Pr\u00e9sident de la R\u00e9publique, Mme Gandega Fatimata, le wali de Nouakchott Ouest, M. M\u2019rabih Rabbou Ould Bounenna Ould Abidine, et la vice-pr\u00e9sidente de la r\u00e9gion de Nouakchott, Mme Hawa Sidib\u00e9.<\/p>\n<p>Son Excellence le Pr\u00e9sident de la R\u00e9publique \u00e9tait accompagn\u00e9, au cours de ce voyage, par une importante d\u00e9l\u00e9gation comprenant :<\/p>\n<p>\u2013 Mme Dr. Mari\u00e8me mint Dah, Premi\u00e8re Dame,<\/p>\n<p>\u2013 M. Nani Ould Chrougha, ministre charg\u00e9 de cabinet du Pr\u00e9sident de la R\u00e9publique,<\/p>\n<p>\u2013 M. Sid\u2019Ahmed Ould Bouh, ministre de l\u2019Economie et des Finances,<\/p>\n<p>\u2013 Mme Zeinebou mint Ely Salem, ambassadrice de Mauritanie \u00e0 Madrid,<\/p>\n<p>\u2013 M. Sidi Ould Mohamed Laghdaf, repr\u00e9sentant permanent de la Mauritanie aupr\u00e8s des Nations Unies \u00e0 New York,<\/p>\n<p>\u2013 M. Harouna Traor\u00e9, charg\u00e9 de mission \u00e0 la Pr\u00e9sidence de la R\u00e9publique,<\/p>\n<p>\u2013 M. El Hassen Ould Zeine, conseiller \u00e0 la Pr\u00e9sidence de la R\u00e9publique,<\/p>\n<p>\u2013 M. El Hassen Ould Ahmed, directeur g\u00e9n\u00e9ral du Protocole d\u2019Etat.<\/p>\n<p>La participation du Pr\u00e9sident de la R\u00e9publique \u00e0 cette conf\u00e9rence a traduit l\u2019engagement profond de la Mauritanie par rapport aux questions du d\u00e9veloppement \u00e9quitable et durable, ainsi que sa volont\u00e9 de contribuer efficacement \u00e0 la construction d\u2019un syst\u00e8me de financement international plus \u00e9quitable, r\u00e9pondant aux aspirations des pays en d\u00e9veloppement et des pays les moins avanc\u00e9s.<br \/>\nAmi<\/p>\n","protected":false},"excerpt":{"rendered":"<p>Son Excellence le Pr\u00e9sident de la R\u00e9publique, Monsieur Mohamed Ould Cheikh El Ghazouani, a regagn\u00e9 Nouakchott, mardi, en provenance de S\u00e9ville, en Espagne, apr\u00e8s avoir particip\u00e9, aux c\u00f4t\u00e9s de plus de 70 chefs d\u2019\u00c9tat et de gouvernement, et de responsables d\u2019institutions financi\u00e8res internationales, \u00e0 la quatri\u00e8me session de la Conf\u00e9rence internationale sur le financement du &hellip;<\/p>\n","protected":false},"author":2,"featured_media":16668,"comment_status":"open","ping_status":"open","sticky":false,"template":"","format":"standard","meta":{"footnotes":""},"categories":[18],"tags":[],"class_list":["post-16667","post","type-post","status-publish","format-standard","has-post-thumbnail","hentry","category-actualites"],"_links":{"self":[{"href":"https:\/\/ladepeche.mr\/index.php?rest_route=\/wp\/v2\/posts\/16667","targetHints":{"allow":["GET"]}}],"collection":[{"href":"https:\/\/ladepeche.mr\/index.php?rest_route=\/wp\/v2\/posts"}],"about":[{"href":"https:\/\/ladepeche.mr\/index.php?rest_route=\/wp\/v2\/types\/post"}],"author":[{"embeddable":true,"href":"https:\/\/ladepeche.mr\/index.php?rest_route=\/wp\/v2\/users\/2"}],"replies":[{"embeddable":true,"href":"https:\/\/ladepeche.mr\/index.php?rest_route=%2Fwp%2Fv2%2Fcomments&post=16667"}],"version-history":[{"count":1,"href":"https:\/\/ladepeche.mr\/index.php?rest_route=\/wp\/v2\/posts\/16667\/revisions"}],"predecessor-version":[{"id":16669,"href":"https:\/\/ladepeche.mr\/index.php?rest_route=\/wp\/v2\/posts\/16667\/revisions\/16669"}],"wp:featuredmedia":[{"embeddable":true,"href":"https:\/\/ladepeche.mr\/index.php?rest_route=\/wp\/v2\/media\/16668"}],"wp:attachment":[{"href":"https:\/\/ladepeche.mr\/index.php?rest_route=%2Fwp%2Fv2%2Fmedia&parent=16667"}],"wp:term":[{"taxonomy":"category","embeddable":true,"href":"https:\/\/ladepeche.mr\/index.php?rest_route=%2Fwp%2Fv2%2Fcategories&post=16667"},{"taxonomy":"post_tag","embeddable":true,"href":"https:\/\/ladepeche.mr\/index.php?rest_route=%2Fwp%2Fv2%2Ftags&post=16667"}],"curies":[{"name":"wp","href":"https:\/\/api.w.org\/{rel}","templated":true}]}}