{"id":1667,"date":"2022-08-31T16:11:21","date_gmt":"2022-08-31T16:11:21","guid":{"rendered":"https:\/\/ladepeche.mr\/?p=1667"},"modified":"2022-08-31T16:11:21","modified_gmt":"2022-08-31T16:11:21","slug":"apparition-de-deux-cas-de-fievre-de-la-vallee-du-rift-et-de-fievre-de-crimee-congo-au-hodh-charghi-et-au-brakna","status":"publish","type":"post","link":"https:\/\/ladepeche.mr\/?p=1667","title":{"rendered":"Apparition de deux cas de fi\u00e8vre de la Vall\u00e9e du Rift et de fi\u00e8vre de Crim\u00e9e-Congo au Hodh Charghi et au Brakna"},"content":{"rendered":"<p>Le Comit\u00e9 technique de coordination multisectorielle a annonc\u00e9, ce mercredi, dans un communiqu\u00e9 dont l\u2019Agence mauritanienne de presse a re\u00e7u copie, que deux cas de fi\u00e8vre de la vall\u00e9e du Rift (FVR) et de fi\u00e8vre de Crim\u00e9e-Congo (FHCC) ont \u00e9t\u00e9 confirm\u00e9s dans les wilayas du Hodh Charghi et du Brakna.<\/p>\n<p>Voici une traduction du communiqu\u00e9 :<\/p>\n<p>\u00ab En raison de la saison des pluies pr\u00e9coce et prometteuse cette ann\u00e9e, qui s\u2019accompagne souvent de risques sanitaires importants, le minist\u00e8re de la Sant\u00e9 a pris l\u2019initiative de renforcer le suivi au niveau national. Dans le cadre des r\u00e9sultats de cette veille, deux cas suspects de fi\u00e8vre de la Vall\u00e9e du Rift (FVR) et de fi\u00e8vre de Crim\u00e9e-Congo (FHCC) ont \u00e9t\u00e9 confirm\u00e9s respectivement dans les wilayas du Hodh Charghi et du Brakna.<\/p>\n<p>Depuis la d\u00e9claration des deux cas mentionn\u00e9s, les secteurs minist\u00e9riels concern\u00e9s et les membres du comit\u00e9 \u00ab Une seule sant\u00e9 \u00bb ont activ\u00e9 les dispositifs de surveillance et pris des mesures pour r\u00e9agir et \u00e9valuer la situation ainsi que pour v\u00e9rifier leurs capacit\u00e9s et leur pr\u00e9paration \u00e0 faire face \u00e0 une \u00e9ventuelle \u00e9volution de la situation.<\/p>\n<p>Cependant, dans une telle situation, et comme mesure partielle pour y faire face, les r\u00e9sidents des zones \u00e0 risque (o\u00f9 les moustiques prolif\u00e8rent) sont tenus de respecter les mesures suivantes :<\/p>\n<p>1- \u00c9viter tout contact avec le sang et les s\u00e9cr\u00e9tions biologiques des animaux ;<\/p>\n<p>2- S\u2019assurer de dormir sous une moustiquaire impr\u00e9gn\u00e9e ;<\/p>\n<p>3- S\u00e9parer les animaux des habitations ;<\/p>\n<p>4- Se laver les mains r\u00e9guli\u00e8rement avec du savon avant et apr\u00e8s avoir touch\u00e9 des animaux ou leurs produits ;<\/p>\n<p>5- Bien cuire la viande et faire chauffer le lait avant consommation ;<\/p>\n<p>6- Contacter imm\u00e9diatement la structure sanitaire la plus proche en cas de fi\u00e8vre ou d\u2019h\u00e9morragie ;<\/p>\n<p>7- Informer les services v\u00e9t\u00e9rinaires de tout cas d\u2019avortement chez les animaux domestique ;<\/p>\n<p>8- Porter des \u00e9quipements de protection individuelle (gants, masques et lunettes) dans les abattoirs et lors du contact direct avec l\u2019animal ;<\/p>\n<p>9- Br\u00fbler et enterrer les animaux morts<\/p>\n<p>Enfin, le Comit\u00e9 Technique appelle tous les \u00e9leveurs \u00e0 limiter les d\u00e9placements des troupeaux, \u00e0 signaler l\u2019apparition de toute maladie et \u00e0 coop\u00e9rer avec les services v\u00e9t\u00e9rinaires pour la bonne mise en \u0153uvre des mesures prises et la pr\u00e9vention des maladies cit\u00e9es.<\/p>\n<p>Ami<\/p>\n","protected":false},"excerpt":{"rendered":"<p>Le Comit\u00e9 technique de coordination multisectorielle a annonc\u00e9, ce mercredi, dans un communiqu\u00e9 dont l\u2019Agence mauritanienne de presse a re\u00e7u copie, que deux cas de fi\u00e8vre de la vall\u00e9e du Rift (FVR) et de fi\u00e8vre de Crim\u00e9e-Congo (FHCC) ont \u00e9t\u00e9 confirm\u00e9s dans les wilayas du Hodh Charghi et du Brakna. Voici une traduction du communiqu\u00e9 &hellip;<\/p>\n","protected":false},"author":2,"featured_media":1668,"comment_status":"open","ping_status":"open","sticky":false,"template":"","format":"standard","meta":{"footnotes":""},"categories":[18,27],"tags":[],"class_list":["post-1667","post","type-post","status-publish","format-standard","has-post-thumbnail","hentry","category-actualites","category-sante"],"_links":{"self":[{"href":"https:\/\/ladepeche.mr\/index.php?rest_route=\/wp\/v2\/posts\/1667","targetHints":{"allow":["GET"]}}],"collection":[{"href":"https:\/\/ladepeche.mr\/index.php?rest_route=\/wp\/v2\/posts"}],"about":[{"href":"https:\/\/ladepeche.mr\/index.php?rest_route=\/wp\/v2\/types\/post"}],"author":[{"embeddable":true,"href":"https:\/\/ladepeche.mr\/index.php?rest_route=\/wp\/v2\/users\/2"}],"replies":[{"embeddable":true,"href":"https:\/\/ladepeche.mr\/index.php?rest_route=%2Fwp%2Fv2%2Fcomments&post=1667"}],"version-history":[{"count":1,"href":"https:\/\/ladepeche.mr\/index.php?rest_route=\/wp\/v2\/posts\/1667\/revisions"}],"predecessor-version":[{"id":1669,"href":"https:\/\/ladepeche.mr\/index.php?rest_route=\/wp\/v2\/posts\/1667\/revisions\/1669"}],"wp:featuredmedia":[{"embeddable":true,"href":"https:\/\/ladepeche.mr\/index.php?rest_route=\/wp\/v2\/media\/1668"}],"wp:attachment":[{"href":"https:\/\/ladepeche.mr\/index.php?rest_route=%2Fwp%2Fv2%2Fmedia&parent=1667"}],"wp:term":[{"taxonomy":"category","embeddable":true,"href":"https:\/\/ladepeche.mr\/index.php?rest_route=%2Fwp%2Fv2%2Fcategories&post=1667"},{"taxonomy":"post_tag","embeddable":true,"href":"https:\/\/ladepeche.mr\/index.php?rest_route=%2Fwp%2Fv2%2Ftags&post=1667"}],"curies":[{"name":"wp","href":"https:\/\/api.w.org\/{rel}","templated":true}]}}