{"id":16670,"date":"2025-07-01T21:44:17","date_gmt":"2025-07-01T21:44:17","guid":{"rendered":"https:\/\/ladepeche.mr\/?p=16670"},"modified":"2025-07-01T21:44:17","modified_gmt":"2025-07-01T21:44:17","slug":"gaza-des-ong-portent-plainte-contre-deux-snipers-franco-israeliens-accuses-dexecutions-sommaires","status":"publish","type":"post","link":"https:\/\/ladepeche.mr\/?p=16670","title":{"rendered":"Gaza : Des ONG portent plainte contre deux snipers franco-isra\u00e9liens accus\u00e9s d\u2019ex\u00e9cutions sommaires"},"content":{"rendered":"<p>Plusieurs ONG, dont la F\u00e9d\u00e9ration internationale des ligues des droits de l\u2019Homme (FIDH), ont d\u00e9pos\u00e9 ce mardi une plainte avec constitution de partie civile devant le p\u00f4le crimes de guerre du tribunal de Paris.<\/p>\n<p>La plainte vise deux militaires franco-isra\u00e9liens, Sasha A. et Gabriel B., appartenant \u00e0 la m\u00eame unit\u00e9 de snipers des Forces d\u2019occupation isra\u00e9liennes. Ils sont accus\u00e9s d\u2019homicides volontaires constitutifs de crimes de guerre, crimes contre l\u2019humanit\u00e9 et g\u00e9nocide, pour des ex\u00e9cutions sommaires pr\u00e9sum\u00e9es de civils palestiniens \u00e0 Gaza entre novembre 2023 et mars 2024.<\/p>\n<p>Ces accusations s\u2019appuient sur un documentaire du journaliste palestinien Younis Tirawi r\u00e9v\u00e9lant les agissements du 9e peloton de la compagnie auxiliaire du 202e bataillon de parachutistes, surnomm\u00e9 \u00ab l\u2019unit\u00e9 fant\u00f4me \u00bb.<\/p>\n<p>Selon les ONG, Sasha A. et Gabriel B. faisaient partie de cette unit\u00e9 compos\u00e9e en majorit\u00e9 de binationaux. Des preuves et t\u00e9moignages recueillis sur le terrain, recoup\u00e9s avec des sources ouvertes, corroborent l\u2019existence de ces ex\u00e9cutions, notamment \u00e0 l\u2019h\u00f4pital Nasser au d\u00e9but de l\u2019ann\u00e9e 2024.<\/p>\n<p>\u00ab Les t\u00e9moignages et documents visuels concordent et sugg\u00e8rent une campagne coordonn\u00e9e d\u2019ex\u00e9cutions extrajudiciaires \u00bb, a d\u00e9clar\u00e9 Issam Younis, directeur g\u00e9n\u00e9ral d\u2019Al Mezan. Shawan Jabarin, directeur d\u2019Al-Haq, a estim\u00e9 que ces actes visaient \u00e0 \u00ab d\u00e9truire la population palestinienne \u00e0 Gaza \u00bb, violant ainsi la Convention sur le g\u00e9nocide.<\/p>\n<p>Raji Sourani, directeur du PCHR, a d\u00e9nonc\u00e9 \u00ab une violation flagrante du droit international humanitaire \u00bb et r\u00e9affirm\u00e9 l\u2019obligation des \u00c9tats de poursuivre les auteurs de tels crimes. De son c\u00f4t\u00e9, Emmanuel Daoud, avocat de la LDH et de l\u2019AFPS, a rappel\u00e9 que \u00ab la France doit veiller \u00e0 ce que ses ressortissants impliqu\u00e9s dans des crimes internationaux ne restent pas impunis \u00bb.<\/p>\n<p>La FIDH et ses partenaires ont \u00e9galement annonc\u00e9 que d\u2019autres plaintes seraient d\u00e9pos\u00e9es prochainement en Italie et dans plusieurs pays europ\u00e9ens, tandis que des enqu\u00eates sont d\u00e9j\u00e0 en cours en Afrique du Sud et en Belgique. Selon les ONG, environ 4 000 Fran\u00e7ais serviraient actuellement dans l\u2019arm\u00e9e isra\u00e9lienne.<\/p>\n<p>The post Gaza : Des ONG portent plainte contre deux snipers franco-isra\u00e9liens accus\u00e9s d\u2019ex\u00e9cutions sommaires appeared first on Hespress Fran\u00e7ais &#8211; Actualit\u00e9s du Maroc.<\/p>\n","protected":false},"excerpt":{"rendered":"<p>Plusieurs ONG, dont la F\u00e9d\u00e9ration internationale des ligues des droits de l\u2019Homme (FIDH), ont d\u00e9pos\u00e9 ce mardi une plainte avec constitution de partie civile devant le p\u00f4le crimes de guerre du tribunal de Paris. La plainte vise deux militaires franco-isra\u00e9liens, Sasha A. et Gabriel B., appartenant \u00e0 la m\u00eame unit\u00e9 de snipers des Forces d\u2019occupation &hellip;<\/p>\n","protected":false},"author":2,"featured_media":16671,"comment_status":"open","ping_status":"open","sticky":false,"template":"","format":"standard","meta":{"footnotes":""},"categories":[18,29],"tags":[],"class_list":["post-16670","post","type-post","status-publish","format-standard","has-post-thumbnail","hentry","category-actualites","category-monde"],"_links":{"self":[{"href":"https:\/\/ladepeche.mr\/index.php?rest_route=\/wp\/v2\/posts\/16670","targetHints":{"allow":["GET"]}}],"collection":[{"href":"https:\/\/ladepeche.mr\/index.php?rest_route=\/wp\/v2\/posts"}],"about":[{"href":"https:\/\/ladepeche.mr\/index.php?rest_route=\/wp\/v2\/types\/post"}],"author":[{"embeddable":true,"href":"https:\/\/ladepeche.mr\/index.php?rest_route=\/wp\/v2\/users\/2"}],"replies":[{"embeddable":true,"href":"https:\/\/ladepeche.mr\/index.php?rest_route=%2Fwp%2Fv2%2Fcomments&post=16670"}],"version-history":[{"count":1,"href":"https:\/\/ladepeche.mr\/index.php?rest_route=\/wp\/v2\/posts\/16670\/revisions"}],"predecessor-version":[{"id":16672,"href":"https:\/\/ladepeche.mr\/index.php?rest_route=\/wp\/v2\/posts\/16670\/revisions\/16672"}],"wp:featuredmedia":[{"embeddable":true,"href":"https:\/\/ladepeche.mr\/index.php?rest_route=\/wp\/v2\/media\/16671"}],"wp:attachment":[{"href":"https:\/\/ladepeche.mr\/index.php?rest_route=%2Fwp%2Fv2%2Fmedia&parent=16670"}],"wp:term":[{"taxonomy":"category","embeddable":true,"href":"https:\/\/ladepeche.mr\/index.php?rest_route=%2Fwp%2Fv2%2Fcategories&post=16670"},{"taxonomy":"post_tag","embeddable":true,"href":"https:\/\/ladepeche.mr\/index.php?rest_route=%2Fwp%2Fv2%2Ftags&post=16670"}],"curies":[{"name":"wp","href":"https:\/\/api.w.org\/{rel}","templated":true}]}}