{"id":16673,"date":"2025-07-01T22:30:48","date_gmt":"2025-07-01T22:30:48","guid":{"rendered":"https:\/\/ladepeche.mr\/?p=16673"},"modified":"2025-07-01T21:49:21","modified_gmt":"2025-07-01T21:49:21","slug":"migrations-irregulieres-en-afrique-de-louest-41-de-baisse-des-arrivees-aux-canaries-en-2025","status":"publish","type":"post","link":"https:\/\/ladepeche.mr\/?p=16673","title":{"rendered":"Migrations irr\u00e9guli\u00e8res en Afrique de l\u2019Ouest : 41 % de baisse des arriv\u00e9es aux Canaries en 2025"},"content":{"rendered":"<p>Face au renforcement des contr\u00f4les au S\u00e9n\u00e9gal et en Mauritanie, les candidats \u00e0 l\u2019\u00e9migration irr\u00e9guli\u00e8re vers l\u2019Espagne empruntent d\u00e9sormais de nouveaux itin\u00e9raires, encore plus longs et p\u00e9rilleux. Pour \u00e9chapper \u00e0 la surveillance accrue des garde-c\u00f4tes s\u00e9n\u00e9galais et mauritaniens, les d\u00e9parts s\u2019organisent depuis la Guin\u00e9e et la Guin\u00e9e-Bissau, deux pays aux c\u00f4tes moins surveill\u00e9es.<\/p>\n<p>Selon Anselmo Pestana, d\u00e9l\u00e9gu\u00e9 du gouvernement aux Canaries, \u00ab\u202fles embarcations de fortune se font de plus en plus depuis le Sud, en Guin\u00e9e\u202f\u00bb. Un expert en migration cit\u00e9 par Le Quotidien confirme\u202f: \u00ab\u202fAvec les contr\u00f4les en Mauritanie, c\u2019est devenu une fili\u00e8re. Ce ph\u00e9nom\u00e8ne est aujourd\u2019hui une r\u00e9alit\u00e9.\u202f\u00bb<\/p>\n<p>En Guin\u00e9e-Bissau, les 200 km de c\u00f4tes, particuli\u00e8rement difficiles \u00e0 surveiller, deviennent un point de d\u00e9part privil\u00e9gi\u00e9, notamment via l\u2019archipel des Bijagos. Les migrants doivent alors affronter une travers\u00e9e de plus de 1800 km jusqu\u2019aux Canaries. Certains tentent \u00e9galement la route de l\u2019Alg\u00e9rie pour rejoindre l\u2019Espagne via les Bal\u00e9ares, un trajet encore plus risqu\u00e9.<\/p>\n<p>Une baisse des arriv\u00e9es mais un risque accru<\/p>\n<p>Malgr\u00e9 ces nouvelles routes, les arriv\u00e9es aux \u00eeles Canaries ont chut\u00e9 de 41\u202f% depuis le d\u00e9but de l\u2019ann\u00e9e, selon Frontex, l\u2019agence europ\u00e9enne de garde-fronti\u00e8res. \u00ab\u202fEn novembre 2024, 7338 arriv\u00e9es ont \u00e9t\u00e9 enregistr\u00e9es contre seulement 445 en mai 2025\u202f\u00bb, indique un rapport relay\u00e9 par InfosMigrants. De janvier \u00e0 juin 2025, le nombre de migrants est pass\u00e9 de 19\u202f100 \u00e0 11\u202f300 par rapport \u00e0 la m\u00eame p\u00e9riode en 2024.<\/p>\n<p>Cette baisse s\u2019explique principalement par le durcissement des contr\u00f4les au S\u00e9n\u00e9gal et en Mauritanie, ainsi que par la coop\u00e9ration bilat\u00e9rale renforc\u00e9e avec l\u2019Espagne. Rien qu\u2019en Mauritanie, 30\u202f000 migrants ont \u00e9t\u00e9 intercept\u00e9s et plus de 80 r\u00e9seaux de passeurs d\u00e9mantel\u00e9s depuis janvier.<br \/>\nhttps:\/\/www.pressafrik.com\/<\/p>\n","protected":false},"excerpt":{"rendered":"<p>Face au renforcement des contr\u00f4les au S\u00e9n\u00e9gal et en Mauritanie, les candidats \u00e0 l\u2019\u00e9migration irr\u00e9guli\u00e8re vers l\u2019Espagne empruntent d\u00e9sormais de nouveaux itin\u00e9raires, encore plus longs et p\u00e9rilleux. Pour \u00e9chapper \u00e0 la surveillance accrue des garde-c\u00f4tes s\u00e9n\u00e9galais et mauritaniens, les d\u00e9parts s\u2019organisent depuis la Guin\u00e9e et la Guin\u00e9e-Bissau, deux pays aux c\u00f4tes moins surveill\u00e9es. Selon Anselmo &hellip;<\/p>\n","protected":false},"author":2,"featured_media":16674,"comment_status":"open","ping_status":"open","sticky":false,"template":"","format":"standard","meta":{"footnotes":""},"categories":[18,29],"tags":[],"class_list":["post-16673","post","type-post","status-publish","format-standard","has-post-thumbnail","hentry","category-actualites","category-monde"],"_links":{"self":[{"href":"https:\/\/ladepeche.mr\/index.php?rest_route=\/wp\/v2\/posts\/16673","targetHints":{"allow":["GET"]}}],"collection":[{"href":"https:\/\/ladepeche.mr\/index.php?rest_route=\/wp\/v2\/posts"}],"about":[{"href":"https:\/\/ladepeche.mr\/index.php?rest_route=\/wp\/v2\/types\/post"}],"author":[{"embeddable":true,"href":"https:\/\/ladepeche.mr\/index.php?rest_route=\/wp\/v2\/users\/2"}],"replies":[{"embeddable":true,"href":"https:\/\/ladepeche.mr\/index.php?rest_route=%2Fwp%2Fv2%2Fcomments&post=16673"}],"version-history":[{"count":1,"href":"https:\/\/ladepeche.mr\/index.php?rest_route=\/wp\/v2\/posts\/16673\/revisions"}],"predecessor-version":[{"id":16675,"href":"https:\/\/ladepeche.mr\/index.php?rest_route=\/wp\/v2\/posts\/16673\/revisions\/16675"}],"wp:featuredmedia":[{"embeddable":true,"href":"https:\/\/ladepeche.mr\/index.php?rest_route=\/wp\/v2\/media\/16674"}],"wp:attachment":[{"href":"https:\/\/ladepeche.mr\/index.php?rest_route=%2Fwp%2Fv2%2Fmedia&parent=16673"}],"wp:term":[{"taxonomy":"category","embeddable":true,"href":"https:\/\/ladepeche.mr\/index.php?rest_route=%2Fwp%2Fv2%2Fcategories&post=16673"},{"taxonomy":"post_tag","embeddable":true,"href":"https:\/\/ladepeche.mr\/index.php?rest_route=%2Fwp%2Fv2%2Ftags&post=16673"}],"curies":[{"name":"wp","href":"https:\/\/api.w.org\/{rel}","templated":true}]}}