{"id":16676,"date":"2025-07-01T23:00:30","date_gmt":"2025-07-01T23:00:30","guid":{"rendered":"https:\/\/ladepeche.mr\/?p=16676"},"modified":"2025-07-01T22:24:31","modified_gmt":"2025-07-01T22:24:31","slug":"la-turkiye-veut-relier-lafrique-aux-corridors-commerciaux-mondiaux-grace-a-de-nouveaux-accords","status":"publish","type":"post","link":"https:\/\/ladepeche.mr\/?p=16676","title":{"rendered":"La T\u00fcrkiye veut relier l\u2019Afrique aux corridors commerciaux mondiaux gr\u00e2ce \u00e0 de nouveaux accords"},"content":{"rendered":"<p>La Mauritanie, la Somalie, le Congo, Djibouti, le Liberia, la Guin\u00e9e et le Ghana seront int\u00e9gr\u00e9s au projet de la Route du D\u00e9veloppement via le golfe Persique et au Corridor central via la T\u00fcrkiye.<br \/>\nLa T\u00fcrkiye reliera sept pays africains au projet du corridor de d\u00e9veloppement et \u00e0 la route commerciale du Corridor central gr\u00e2ce \u00e0 des protocoles d\u2019accord sign\u00e9s lors d\u2019un forum sur les transports organis\u00e9 \u00e0 Istanbul.<\/p>\n<p>Dans une d\u00e9claration, le ministre turc des Transports et de l\u2019Infrastructure, Abdulkadir Uraloglu, a indiqu\u00e9 que le Forum mondial sur la connectivit\u00e9 des transports avait r\u00e9uni des responsables du Burkina Faso, de la R\u00e9publique du Congo, de Djibouti, de l\u2019\u00c9thiopie, du Ghana, de la Guin\u00e9e, du Maroc, de la Somalie, de la Mauritanie, du Liberia, de la Namibie, de la C\u00f4te d\u2019Ivoire et de l\u2019\u00c9gypte.<\/p>\n<p>Une session sp\u00e9ciale du forum a \u00e9t\u00e9 consacr\u00e9e \u00e0 la connexion de l\u2019Afrique aux corridors de transit mondiaux.<\/p>\n<p>\u00ab \u00c0 l\u2019issue de cette session, nous avons sign\u00e9 des protocoles d\u2019accord pour renforcer la connectivit\u00e9 en mati\u00e8re de transport avec sept pays africains : la Mauritanie, la Somalie, la R\u00e9publique du Congo, Djibouti, le Liberia, la Guin\u00e9e et le Ghana \u00bb, a-t-il d\u00e9clar\u00e9.<\/p>\n<p>\u00ab Le continent africain sera ainsi int\u00e9gr\u00e9 au projet de corridor de d\u00e9veloppement via le golfe Persique et \u00e0 la route commerciale du Corridor central via la T\u00fcrkiye \u00bb.<\/p>\n<p>\u00ab Nous garantirons un acc\u00e8s fluide de l\u2019Afrique aux corridors commerciaux mondiaux, ce qui permettra une int\u00e9gration directe du continent dans les flux commerciaux entre l\u2019Asie et l\u2019Europe \u00bb, a-t-il ajout\u00e9.<\/p>\n<p>aa.com.tr<\/p>\n","protected":false},"excerpt":{"rendered":"<p>La Mauritanie, la Somalie, le Congo, Djibouti, le Liberia, la Guin\u00e9e et le Ghana seront int\u00e9gr\u00e9s au projet de la Route du D\u00e9veloppement via le golfe Persique et au Corridor central via la T\u00fcrkiye. La T\u00fcrkiye reliera sept pays africains au projet du corridor de d\u00e9veloppement et \u00e0 la route commerciale du Corridor central gr\u00e2ce &hellip;<\/p>\n","protected":false},"author":2,"featured_media":16677,"comment_status":"open","ping_status":"open","sticky":false,"template":"","format":"standard","meta":{"footnotes":""},"categories":[18,2,29],"tags":[],"class_list":["post-16676","post","type-post","status-publish","format-standard","has-post-thumbnail","hentry","category-actualites","category-economie","category-monde"],"_links":{"self":[{"href":"https:\/\/ladepeche.mr\/index.php?rest_route=\/wp\/v2\/posts\/16676","targetHints":{"allow":["GET"]}}],"collection":[{"href":"https:\/\/ladepeche.mr\/index.php?rest_route=\/wp\/v2\/posts"}],"about":[{"href":"https:\/\/ladepeche.mr\/index.php?rest_route=\/wp\/v2\/types\/post"}],"author":[{"embeddable":true,"href":"https:\/\/ladepeche.mr\/index.php?rest_route=\/wp\/v2\/users\/2"}],"replies":[{"embeddable":true,"href":"https:\/\/ladepeche.mr\/index.php?rest_route=%2Fwp%2Fv2%2Fcomments&post=16676"}],"version-history":[{"count":1,"href":"https:\/\/ladepeche.mr\/index.php?rest_route=\/wp\/v2\/posts\/16676\/revisions"}],"predecessor-version":[{"id":16678,"href":"https:\/\/ladepeche.mr\/index.php?rest_route=\/wp\/v2\/posts\/16676\/revisions\/16678"}],"wp:featuredmedia":[{"embeddable":true,"href":"https:\/\/ladepeche.mr\/index.php?rest_route=\/wp\/v2\/media\/16677"}],"wp:attachment":[{"href":"https:\/\/ladepeche.mr\/index.php?rest_route=%2Fwp%2Fv2%2Fmedia&parent=16676"}],"wp:term":[{"taxonomy":"category","embeddable":true,"href":"https:\/\/ladepeche.mr\/index.php?rest_route=%2Fwp%2Fv2%2Fcategories&post=16676"},{"taxonomy":"post_tag","embeddable":true,"href":"https:\/\/ladepeche.mr\/index.php?rest_route=%2Fwp%2Fv2%2Ftags&post=16676"}],"curies":[{"name":"wp","href":"https:\/\/api.w.org\/{rel}","templated":true}]}}