{"id":16679,"date":"2025-07-02T12:51:47","date_gmt":"2025-07-02T12:51:47","guid":{"rendered":"https:\/\/ladepeche.mr\/?p=16679"},"modified":"2025-07-02T12:51:47","modified_gmt":"2025-07-02T12:51:47","slug":"etats-unis-clap-de-fin-pour-lusaid-pilier-de-laide-internationale-depuis-1961","status":"publish","type":"post","link":"https:\/\/ladepeche.mr\/?p=16679","title":{"rendered":"\u00c9tats-Unis : Clap de fin pour l\u2019USAID, pilier de l\u2019aide internationale depuis 1961"},"content":{"rendered":"<p>Les \u00c9tats-Unis annoncent officiellement la fermeture de l\u2019USAID, mettant fin \u00e0 plus de soixante ans d\u2019engagement humanitaire \u00e0 l\u2019\u00e9chelle mondiale.<\/p>\n<p>Apr\u00e8s plus de six d\u00e9cennies d\u2019engagement mondial, l\u2019Agence des \u00c9tats-Unis pour le d\u00e9veloppement international (USAID) ferme d\u00e9finitivement ses portes, marquant une rupture majeure dans la diplomatie humanitaire am\u00e9ricaine.<\/p>\n<p>Fond\u00e9e en 1961, cette institution a longtemps incarn\u00e9 le c\u0153ur de l\u2019aide am\u00e9ricaine aux pays en d\u00e9veloppement, jouant un r\u00f4le cl\u00e9 dans la lutte contre la pauvret\u00e9, les crises sanitaires et les catastrophes naturelles.<\/p>\n<p>Andrew Natsios, ancien administrateur de l\u2019USAID, rappelle l\u2019importance capitale de cette agence : \u00ab Des chefs d\u2019\u00c9tat m\u2019ont dit que l\u2019institution la plus importante pour nous, \u00e0 Washington, n\u2019est pas le d\u00e9partement de la D\u00e9fense, ni la CIA, ni le d\u00e9partement d\u2019\u00c9tat, ni la Maison-Blanche, c\u2019est l\u2019USAID, parce que nous sommes un pays qui aide au d\u00e9veloppement, nous sommes engag\u00e9s dans le processus de d\u00e9veloppement. \u00bb<\/p>\n<p>Cette fermeture survient dans un contexte inqui\u00e9tant. Une \u00e9tude internationale r\u00e9cente met en garde contre les cons\u00e9quences dramatiques d\u2019un effondrement des financements am\u00e9ricains \u00e0 l\u2019aide internationale, qui pourrait entra\u00eener plus de 14 millions de morts suppl\u00e9mentaires d\u2019ici 2030, principalement parmi les populations les plus vuln\u00e9rables.<\/p>\n<p>Dans une interview, Andrew Natsios d\u00e9plore une perte d\u2019\u00ab instinct humanitaire \u00bb au sein du gouvernement am\u00e9ricain : \u00ab Je pense que nous avons perdu l\u2019instinct humanitaire, l\u2019imp\u00e9ratif humanitaire, au sein du gouvernement am\u00e9ricain en fermant l\u2019USAID. Et je crois que les populations des pays en d\u00e9veloppement le constateront, ou le constatent d\u00e9j\u00e0 dans de nombreuses r\u00e9gions du monde. Je pense qu\u2019il y a beaucoup de col\u00e8re envers les \u00c9tats-Unis \u00e0 cause de ce qui est arriv\u00e9 \u00e0 l\u2019USAID. \u00bb<\/p>\n<p>Les derni\u00e8res activit\u00e9s de l\u2019USAID seront d\u00e9sormais int\u00e9gr\u00e9es au d\u00e9partement d\u2019\u00c9tat, sous la supervision de Marco Rubio, qui promet une gestion plus strat\u00e9gique et responsable. Cette d\u00e9cision ne fait pas l\u2019unanimit\u00e9 : l\u2019ancien pr\u00e9sident Barack Obama qualifie cette fermeture \u00ab d\u2019erreur colossale \u00bb, tandis que plusieurs anciens pr\u00e9sidents et ONG d\u00e9noncent la r\u00e9duction drastique des financements internationaux initi\u00e9e par Donald Trump, qui a gel\u00e9 l\u2019aide \u00e9trang\u00e8re d\u00e8s son arriv\u00e9e \u00e0 la Maison-Blanche.<\/p>\n","protected":false},"excerpt":{"rendered":"<p>Les \u00c9tats-Unis annoncent officiellement la fermeture de l\u2019USAID, mettant fin \u00e0 plus de soixante ans d\u2019engagement humanitaire \u00e0 l\u2019\u00e9chelle mondiale. Apr\u00e8s plus de six d\u00e9cennies d\u2019engagement mondial, l\u2019Agence des \u00c9tats-Unis pour le d\u00e9veloppement international (USAID) ferme d\u00e9finitivement ses portes, marquant une rupture majeure dans la diplomatie humanitaire am\u00e9ricaine. Fond\u00e9e en 1961, cette institution a longtemps &hellip;<\/p>\n","protected":false},"author":2,"featured_media":16680,"comment_status":"open","ping_status":"open","sticky":false,"template":"","format":"standard","meta":{"footnotes":""},"categories":[18,29],"tags":[],"class_list":["post-16679","post","type-post","status-publish","format-standard","has-post-thumbnail","hentry","category-actualites","category-monde"],"_links":{"self":[{"href":"https:\/\/ladepeche.mr\/index.php?rest_route=\/wp\/v2\/posts\/16679","targetHints":{"allow":["GET"]}}],"collection":[{"href":"https:\/\/ladepeche.mr\/index.php?rest_route=\/wp\/v2\/posts"}],"about":[{"href":"https:\/\/ladepeche.mr\/index.php?rest_route=\/wp\/v2\/types\/post"}],"author":[{"embeddable":true,"href":"https:\/\/ladepeche.mr\/index.php?rest_route=\/wp\/v2\/users\/2"}],"replies":[{"embeddable":true,"href":"https:\/\/ladepeche.mr\/index.php?rest_route=%2Fwp%2Fv2%2Fcomments&post=16679"}],"version-history":[{"count":1,"href":"https:\/\/ladepeche.mr\/index.php?rest_route=\/wp\/v2\/posts\/16679\/revisions"}],"predecessor-version":[{"id":16681,"href":"https:\/\/ladepeche.mr\/index.php?rest_route=\/wp\/v2\/posts\/16679\/revisions\/16681"}],"wp:featuredmedia":[{"embeddable":true,"href":"https:\/\/ladepeche.mr\/index.php?rest_route=\/wp\/v2\/media\/16680"}],"wp:attachment":[{"href":"https:\/\/ladepeche.mr\/index.php?rest_route=%2Fwp%2Fv2%2Fmedia&parent=16679"}],"wp:term":[{"taxonomy":"category","embeddable":true,"href":"https:\/\/ladepeche.mr\/index.php?rest_route=%2Fwp%2Fv2%2Fcategories&post=16679"},{"taxonomy":"post_tag","embeddable":true,"href":"https:\/\/ladepeche.mr\/index.php?rest_route=%2Fwp%2Fv2%2Ftags&post=16679"}],"curies":[{"name":"wp","href":"https:\/\/api.w.org\/{rel}","templated":true}]}}