{"id":16694,"date":"2025-07-02T18:00:49","date_gmt":"2025-07-02T18:00:49","guid":{"rendered":"https:\/\/ladepeche.mr\/?p=16694"},"modified":"2025-07-02T18:56:14","modified_gmt":"2025-07-02T18:56:14","slug":"le-ministre-de-leconomie-et-des-finances-plaide-pour-un-renforcement-de-linvestissement-durable-en-afrique-lors-dun-panel-a-seville","status":"publish","type":"post","link":"https:\/\/ladepeche.mr\/?p=16694","title":{"rendered":"Le ministre de l\u2019\u00c9conomie et des Finances plaide pour un renforcement de l\u2019investissement durable en Afrique lors d\u2019un panel \u00e0 S\u00e9ville"},"content":{"rendered":"<p>Intervenant hier mardi \u00e0 S\u00e9ville dans le cadre d\u2019une session de haut niveau tenue en marge de la quatri\u00e8me Conf\u00e9rence internationale sur le financement du d\u00e9veloppement (FFD4), Son Excellence le ministre  de l\u2019\u00c9conomie et des Finances, M. Sid&#8217; Ahmed Ould Bouh, a appel\u00e9 \u00e0 aligner les financements sur les priorit\u00e9s de d\u00e9veloppement des pays africains, soulignant que les projets soutenus doivent r\u00e9pondre aux besoins r\u00e9els des pays b\u00e9n\u00e9ficiaires, et non d\u00e9couler d\u2019agendas impos\u00e9s par les bailleurs de fonds.<\/p>\n<p>Le ministre qui s&#8217;exprimait en tant qu&#8217;orateur principal lors d&#8217;un panel intitul\u00e9 \u00ab Vers un investissement et un d\u00e9veloppement durables en Afrique \u00bb, a insist\u00e9 sur la n\u00e9cessit\u00e9 de renforcer les capacit\u00e9s collectives pour mobiliser, orienter et s\u00e9curiser des investissements durables capables de transformer structurellement les \u00e9conomies africaines.<\/p>\n<p>Il a mis en exergue le potentiel consid\u00e9rable du continent, riche en ressources naturelles, dot\u00e9 d\u2019un capital humain jeune et dynamique, et porteur de perspectives de croissance prometteuses. Il a \u00e9galement partag\u00e9 l\u2019exp\u00e9rience mauritanienne en mati\u00e8re de r\u00e9formes \u00e9conomiques et institutionnelles, engag\u00e9es dans le cadre de la Strat\u00e9gie de croissance acc\u00e9l\u00e9r\u00e9e et de prosp\u00e9rit\u00e9 partag\u00e9e, citant notamment les r\u00e9sultats enregistr\u00e9s en mati\u00e8re de stabilit\u00e9 macro\u00e9conomique, de modernisation de la gestion des finances publiques, ainsi que les investissements cibl\u00e9s dans les secteurs d\u2019avenir : \u00e9nergies renouvelables, p\u00eache durable, agriculture r\u00e9siliente au changement climatique et exploitation mini\u00e8re \u00e0 forte valeur ajout\u00e9e.<\/p>\n<p>Le ministre a particuli\u00e8rement mis en lumi\u00e8re les projets structurants en cours dans le domaine de l\u2019hydrog\u00e8ne vert, positionnant la Mauritanie comme un acteur \u00e9mergent de la transition \u00e9nerg\u00e9tique en Afrique. Il a r\u00e9affirm\u00e9 l\u2019engagement du pays en faveur de l\u2019am\u00e9lioration du climat des affaires, \u00e0 travers une meilleure transparence, une administration publique plus efficace et des garanties juridiques renforc\u00e9es pour les investisseurs.<\/p>\n<p>Il a en outre insist\u00e9 sur l\u2019importance d\u2019acc\u00e9l\u00e9rer l\u2019int\u00e9gration r\u00e9gionale par la mise en \u0153uvre effective de la Zone de libre-\u00e9change continentale africaine (ZLECAf) et la cr\u00e9ation de cha\u00eenes de valeur \u00e0 forte intensit\u00e9 de main-d\u2019\u0153uvre, tout en promouvant la bonne gouvernance et la transparence.<\/p>\n<p>Concluant son intervention, le ministre a estim\u00e9 que l\u2019investissement en Afrique ne devait plus \u00eatre per\u00e7u \u00e0 travers le prisme du risque, mais comme un levier d\u2019opportunit\u00e9s, de stabilit\u00e9 et de prosp\u00e9rit\u00e9 partag\u00e9e. Il a affirm\u00e9 que l\u2019Afrique dispose de l\u2019ambition et du potentiel n\u00e9cessaires, mais requiert des partenariats fond\u00e9s sur la confiance, le financement adapt\u00e9 et la solidarit\u00e9 effective, pour garantir que chaque investissement contribue \u00e0 une transformation durable, inclusive et r\u00e9siliente.<\/p>\n<p>Dans le m\u00eame esprit, Son Excellence le ministre a exhort\u00e9 les partenaires bilat\u00e9raux et multilat\u00e9raux \u00e0 accro\u00eetre leur appui aux projets d\u2019infrastructures durables \u00e0 fort impact \u00e9conomique et social, \u00e0 renforcer les instruments de garantie et de partage des risques pour encourager l\u2019investissement priv\u00e9, et \u00e0 soutenir la r\u00e9forme du syst\u00e8me financier international, notamment par une r\u00e9affectation \u00e9quitable des droits de tirage sp\u00e9ciaux en faveur des pays \u00e0 revenu faible et interm\u00e9diaire.<\/p>\n<p>Le message du ministre, clair et ferme, s\u2019est voulu celui d\u2019une Afrique pr\u00eate \u00e0 nouer des partenariats, mais selon ses propres termes et priorit\u00e9s. Une position qui refl\u00e8te les aspirations d\u2019un continent r\u00e9solu \u00e0 reprendre sa place dans l\u2019\u00e9conomie mondiale.<\/p>\n<p>Il y a lieu de noter que la session a r\u00e9uni, aux c\u00f4t\u00e9s du ministre, son homologue espagnol, le ministre s\u00e9n\u00e9galais de l\u2019\u00c9conomie, la pr\u00e9sidente de la Banque europ\u00e9enne pour les infrastructures, ainsi que le vice-pr\u00e9sident de la Soci\u00e9t\u00e9 financi\u00e8re internationale (SFI) pour l\u2019Europe. L\u2019ambassadeur et repr\u00e9sentant permanent de la Mauritanie aupr\u00e8s des Nations Unies, SEM. Sidi Ould Mohamed Laghdaf, y a \u00e9galement pris part.<br \/>\nMEF<\/p>\n","protected":false},"excerpt":{"rendered":"<p>Intervenant hier mardi \u00e0 S\u00e9ville dans le cadre d\u2019une session de haut niveau tenue en marge de la quatri\u00e8me Conf\u00e9rence internationale sur le financement du d\u00e9veloppement (FFD4), Son Excellence le ministre de l\u2019\u00c9conomie et des Finances, M. Sid&#8217; Ahmed Ould Bouh, a appel\u00e9 \u00e0 aligner les financements sur les priorit\u00e9s de d\u00e9veloppement des pays africains, &hellip;<\/p>\n","protected":false},"author":2,"featured_media":16689,"comment_status":"open","ping_status":"open","sticky":false,"template":"","format":"standard","meta":{"footnotes":""},"categories":[18,2],"tags":[],"class_list":["post-16694","post","type-post","status-publish","format-standard","has-post-thumbnail","hentry","category-actualites","category-economie"],"_links":{"self":[{"href":"https:\/\/ladepeche.mr\/index.php?rest_route=\/wp\/v2\/posts\/16694","targetHints":{"allow":["GET"]}}],"collection":[{"href":"https:\/\/ladepeche.mr\/index.php?rest_route=\/wp\/v2\/posts"}],"about":[{"href":"https:\/\/ladepeche.mr\/index.php?rest_route=\/wp\/v2\/types\/post"}],"author":[{"embeddable":true,"href":"https:\/\/ladepeche.mr\/index.php?rest_route=\/wp\/v2\/users\/2"}],"replies":[{"embeddable":true,"href":"https:\/\/ladepeche.mr\/index.php?rest_route=%2Fwp%2Fv2%2Fcomments&post=16694"}],"version-history":[{"count":1,"href":"https:\/\/ladepeche.mr\/index.php?rest_route=\/wp\/v2\/posts\/16694\/revisions"}],"predecessor-version":[{"id":16695,"href":"https:\/\/ladepeche.mr\/index.php?rest_route=\/wp\/v2\/posts\/16694\/revisions\/16695"}],"wp:featuredmedia":[{"embeddable":true,"href":"https:\/\/ladepeche.mr\/index.php?rest_route=\/wp\/v2\/media\/16689"}],"wp:attachment":[{"href":"https:\/\/ladepeche.mr\/index.php?rest_route=%2Fwp%2Fv2%2Fmedia&parent=16694"}],"wp:term":[{"taxonomy":"category","embeddable":true,"href":"https:\/\/ladepeche.mr\/index.php?rest_route=%2Fwp%2Fv2%2Fcategories&post=16694"},{"taxonomy":"post_tag","embeddable":true,"href":"https:\/\/ladepeche.mr\/index.php?rest_route=%2Fwp%2Fv2%2Ftags&post=16694"}],"curies":[{"name":"wp","href":"https:\/\/api.w.org\/{rel}","templated":true}]}}