{"id":16697,"date":"2025-07-02T18:41:47","date_gmt":"2025-07-02T18:41:47","guid":{"rendered":"https:\/\/ladepeche.mr\/?p=16697"},"modified":"2025-07-02T18:42:49","modified_gmt":"2025-07-02T18:42:49","slug":"le-conseil-des-ministres-adopte-un-projet-de-decret-portant-creation-dun-prix-du-president-de-la-republique-pour-les-meilleures-actions-de-volontariat","status":"publish","type":"post","link":"https:\/\/ladepeche.mr\/?p=16697","title":{"rendered":"Cdm: adoption d&#8217;un projet de d\u00e9cret portant cr\u00e9ation d\u2019un Prix du Pr\u00e9sident de la R\u00e9publique pour les meilleures actions de volontariat"},"content":{"rendered":"<p>Le Conseil des Ministres s\u2019est r\u00e9uni le mercredi 02 juillet 2025, sous la Pr\u00e9sidence de Son Excellence Monsieur Mohamed OULD CHEIKH EL-GHAZOUANI, Pr\u00e9sident de la R\u00e9publique.<\/p>\n<p>Le Conseil a examin\u00e9 et adopt\u00e9 les projets de d\u00e9crets suivants :<\/p>\n<p>\u2010 Projet de d\u00e9cret portant cr\u00e9ation d\u2019un Prix du Pr\u00e9sident de la R\u00e9publique pour les meilleures actions de volontariat.<\/p>\n<p>Ce projet de d\u00e9cret vise \u00e0 instaurer et \u00e0 r\u00e9glementer ce prix, compte tenu de sa valeur ajout\u00e9e pour consolider une culture de citoyennet\u00e9 et le renforcement de l\u2019esprit d\u2019engagement civique. Il vise \u00e0 r\u00e9compenser les initiatives qui incarnent l\u2019esprit de solidarit\u00e9 et de participation communautaire, contribuant \u00e0 b\u00e2tir une soci\u00e9t\u00e9 plus consciente et plus soud\u00e9e. Ce prix met en lumi\u00e8re la r\u00e9ussite dans le volontariat et stimule l\u2019innovation sociale des jeunes en faveur du d\u00e9veloppement national.<\/p>\n<p>\u2010 Projet de d\u00e9cret portant application des dispositions de la loi n\u00b02025-006 du 19 f\u00e9vrier 2025 portant Code des Investissements.<\/p>\n<p>Le pr\u00e9sent projet de d\u00e9cret a pour objet de d\u00e9finir les modalit\u00e9s d\u2019application de la loi n\u00b02025-006 du 19 f\u00e9vrier 2025 portant Code d\u2019Investissements, notamment l\u2019organisation et le fonctionnement des services en charge de la cr\u00e9ation des entreprises, l\u2019agr\u00e9ment et le suivi des investissements, la composition du dossier de demande d\u2019admission, ainsi que la proc\u00e9dure de contr\u00f4le et de suivi des entreprises b\u00e9n\u00e9ficiaires des avantages du Code des Investissements.<\/p>\n<p>\u2010 Projet de d\u00e9cret portant approbation et d\u00e9claration d\u2019utilit\u00e9 publique du plan de lotissement de l\u2019extension de la ville de Wompou dans la Moughataa de Wompou\/ Willaya du Guidimagha.<\/p>\n<p>\u2010 Projet de d\u00e9cret portant approbation et d\u00e9claration d\u2019utilit\u00e9 Publique du plan de lotissement du regroupement de Taga, dans la Moughataa de Maghama \/Wilaya du Gorgol.<\/p>\n<p>\u2010 Projet de d\u00e9cret portant approbation et d\u00e9claration d\u2019utilit\u00e9 publique du Plan de lotissement du regroupement Bezoul Errahma, dans la Moughataa de Tekane\/ Wilaya du Traza.<\/p>\n<p>Ces trois projets de d\u00e9crets ont pour objet l\u2019approbation et la d\u00e9claration d\u2019utilit\u00e9 publique de plans de lotissement. Ils s\u2019inscrivent dans le cadre de la mise en \u0153uvre de la politique nationale de regroupement des populations et de r\u00e9duction de leur vuln\u00e9rabilit\u00e9 aux causes de vuln\u00e9rabilit\u00e9, notamment les changements climatiques et les inondations r\u00e9currentes.<\/p>\n<p>Ils visent \u00e9galement \u00e0 encourager un d\u00e9veloppement urbain r\u00e9gul\u00e9, contr\u00f4l\u00e9 et inclusif, garantissant aux populations r\u00e9install\u00e9es ou relocalis\u00e9es un acc\u00e8s durable aux services publics de base.<\/p>\n<p>Le Ministre des Affaires Etrang\u00e8res, de la Coop\u00e9ration Africaine et des Mauritaniens de l\u2019Ext\u00e9rieur a pr\u00e9sent\u00e9 une communication relative \u00e0 la situation internationale.<\/p>\n<p>Le Ministre de l\u2019Int\u00e9rieur, de la Promotion de la D\u00e9centralisation et du D\u00e9veloppement Local a pr\u00e9sent\u00e9 une communication relative \u00e0 la situation int\u00e9rieure.<\/p>\n<p>Le Minist\u00e8re de Sant\u00e9 a pr\u00e9sent\u00e9 une communication relative \u00e0 la notification par l\u2019Organisation Mondiale de la Sant\u00e9 (OMS) d\u2019une certification relative au succ\u00e8s de notre pays \u00e0 l\u2019\u00e9radication du trachome.<\/p>\n<p>L\u2019objet de cette communication est de porter \u00e0 la connaissance du Gouvernement l\u2019obtention d\u2019une certification de l\u2019OMS, confirmant le succ\u00e8s de notre pays \u00e0 l\u2019\u00e9radication du trachome.<\/p>\n<p>Les solutions ayant permis d\u2019\u00e9radiquer le trachome dans notre pays, se sont mat\u00e9rialis\u00e9es \u00e0 travers :<\/p>\n<p>\u2013 Le lancement dans notre pays d\u2019une campagne nationale qui a dur\u00e9 plus de deux d\u00e9cennies, suite \u00e0 l\u2019annonce des r\u00e9sultats des premi\u00e8res enqu\u00eates \u00e9pid\u00e9miologiques en 2000.<\/p>\n<p>\u2013 La mise en place d\u2019un syst\u00e8me de surveillance \u00e9pid\u00e9miologique dans les zones o\u00f9 la maladie est end\u00e9mique,<\/p>\n<p>\u2013 La formation du personnel des centres de sant\u00e9 et la fourniture de m\u00e9dicaments \u00e0 ces centres,<\/p>\n<p>\u2013 La multiplication des projets de d\u00e9veloppement pour r\u00e9duire la pauvret\u00e9 et cr\u00e9er de meilleures conditions de vie, ainsi que l\u2019am\u00e9lioration de l\u2019acc\u00e8s aux soins de sant\u00e9.<\/p>\n<p>La Mauritanie est le seul pays de la r\u00e9gion, parmi 23 pays de par le monde, ayant \u00e9radiqu\u00e9 le trachome.<\/p>\n<p>Il est \u00e0 noter, ici que c\u2019est la deuxi\u00e8me maladie infectieuse, que notre pays est parvenu \u00e0 \u00e9radiquer apr\u00e8s le Ver de Guin\u00e9e en 2009.<\/p>\n<p>La Ministre du Commerce et du Tourisme a pr\u00e9sent\u00e9 une communication relative au plan sp\u00e9cial de relance du tourisme int\u00e9rieur.<\/p>\n<p>Cette communication propose le lancement d\u2019un programme urgent et concret visant \u00e0 stimuler le tourisme \u00e0 l\u2019int\u00e9rieur du pays et \u00e0 transformer cette orientation en un levier de d\u00e9veloppement \u00e9conomique et culturel, en r\u00e9ponse aux orientations de SEM le Pr\u00e9sident de la R\u00e9publique, appelant au renforcement de la coh\u00e9sion nationale et \u00e0 l\u2019orientation des d\u00e9penses touristiques vers le march\u00e9 int\u00e9rieur.<\/p>\n<p>Ce programme repr\u00e9sente plus qu\u2019une simple initiative temporaire ; il s\u2019agit d\u2019un choix strat\u00e9gique qui favorise l\u2019\u00e9quit\u00e9 territoriale et \u00e9tablit un mod\u00e8le durable pour le tourisme int\u00e9rieur. Il vise \u00e0 :<\/p>\n<p>\u2013 Proposer des destinations cl\u00e9s en main et adapt\u00e9es aux vacances int\u00e9rieures ;<\/p>\n<p>\u2013 Stimuler l\u2019offre touristique int\u00e9rieure nationale avec des prix et des services raisonnables ;<\/p>\n<p>\u2013 Renforcer la contribution du secteur touristique \u00e0 l\u2019\u00e9conomie r\u00e9gionale et \u00e0 cr\u00e9er des emplois ;<\/p>\n<p>\u2013 Redynamiser les espaces culturels, sportifs et communautaires locaux ;<\/p>\n<p>\u2013 Restructurer le tourisme int\u00e9rieur dans le cadre d\u2019une perspective de vision nationale du d\u00e9veloppement.<\/p>\n<p>La Ministre de l\u2019Action Sociale, de l\u2019Enfance et de la Famille et le Ministre de l\u2019Economie et des Finances ont pr\u00e9sent\u00e9 une communication conjointe, relative \u00e0 la Strat\u00e9gie Nationale de Protection Sociale 2025-2035.<\/p>\n<p>L\u2019objectif de cette strat\u00e9gie est de renforcer la r\u00e9silience des populations face aux chocs \u00e9conomiques, sociaux et environnementaux, tout en assurant une protection effective pour les personnes les plus vuln\u00e9rables, en mettant en place des m\u00e9canismes de solidarit\u00e9 et des dispositifs d\u2019assistance sociale. Cette strat\u00e9gie vise \u00e0 promouvoir une couverture de s\u00e9curit\u00e9 sociale \u00e0 travers des programmes de transferts mon\u00e9taires, d\u2019assurances sociales, d\u2019acc\u00e8s aux soins de sant\u00e9, et de soutien \u00e0 l\u2019\u00e9ducation.<\/p>\n<p>Cette strat\u00e9gie est accompagn\u00e9e d\u2019un plan d\u2019action d\u00e9taill\u00e9 et d\u2019un syst\u00e8me de suivi et d\u2019\u00e9valuation, qui s\u2019appuie sur un ensemble d\u2019indicateurs de performance et identifie des sources potentielles de financement durable.<\/p>\n<p>Enfin, le Conseil a pris les mesures individuelles suivantes :<\/p>\n<p>Minist\u00e8re des Domaines, du Patrimoine de l\u2019Etat et de la R\u00e9forme Fonci\u00e8re<\/p>\n<p>Etablissements Publics<\/p>\n<p>Soci\u00e9t\u00e9 Nationale d\u2019Am\u00e9nagement des Terrains, de Promotion et de Gestion Immobili\u00e8re \u2013 EL MOURITANIYA LIL AGHARAT<\/p>\n<p>\u2013 Directeur G\u00e9n\u00e9ral : Mohamed Ould Ahmed Mahmoud, Pr\u00e9c\u00e9demment Directeur G\u00e9n\u00e9ral de la Soci\u00e9t\u00e9 Nationale ISKAN.<\/p>\n<p>\u2013 Directrice G\u00e9n\u00e9rale Adjointe : Mariem Mint Bamba, Pr\u00e9c\u00e9demment Directrice G\u00e9n\u00e9rale Adjointe de la Soci\u00e9t\u00e9 nationale ISKAN.<\/p>\n<p>Minist\u00e8re de l\u2019Equipement et des Transports<\/p>\n<p>Etablissements Publics<\/p>\n<p>Office National des A\u00e9roports de la Mauritanie (ONAM)<\/p>\n<p>\u2013 Directeur G\u00e9n\u00e9ral : Abdellahi Ould Ahmed Damou, pr\u00e9c\u00e9demment Directeur G\u00e9n\u00e9ral de la Soci\u00e9t\u00e9 des A\u00e9roports Mauritaniens (SAM).<\/p>\n","protected":false},"excerpt":{"rendered":"<p>Le Conseil des Ministres s\u2019est r\u00e9uni le mercredi 02 juillet 2025, sous la Pr\u00e9sidence de Son Excellence Monsieur Mohamed OULD CHEIKH EL-GHAZOUANI, Pr\u00e9sident de la R\u00e9publique. Le Conseil a examin\u00e9 et adopt\u00e9 les projets de d\u00e9crets suivants : \u2010 Projet de d\u00e9cret portant cr\u00e9ation d\u2019un Prix du Pr\u00e9sident de la R\u00e9publique pour les meilleures actions &hellip;<\/p>\n","protected":false},"author":2,"featured_media":16698,"comment_status":"open","ping_status":"open","sticky":false,"template":"","format":"standard","meta":{"footnotes":""},"categories":[18],"tags":[],"class_list":["post-16697","post","type-post","status-publish","format-standard","has-post-thumbnail","hentry","category-actualites"],"_links":{"self":[{"href":"https:\/\/ladepeche.mr\/index.php?rest_route=\/wp\/v2\/posts\/16697","targetHints":{"allow":["GET"]}}],"collection":[{"href":"https:\/\/ladepeche.mr\/index.php?rest_route=\/wp\/v2\/posts"}],"about":[{"href":"https:\/\/ladepeche.mr\/index.php?rest_route=\/wp\/v2\/types\/post"}],"author":[{"embeddable":true,"href":"https:\/\/ladepeche.mr\/index.php?rest_route=\/wp\/v2\/users\/2"}],"replies":[{"embeddable":true,"href":"https:\/\/ladepeche.mr\/index.php?rest_route=%2Fwp%2Fv2%2Fcomments&post=16697"}],"version-history":[{"count":2,"href":"https:\/\/ladepeche.mr\/index.php?rest_route=\/wp\/v2\/posts\/16697\/revisions"}],"predecessor-version":[{"id":16700,"href":"https:\/\/ladepeche.mr\/index.php?rest_route=\/wp\/v2\/posts\/16697\/revisions\/16700"}],"wp:featuredmedia":[{"embeddable":true,"href":"https:\/\/ladepeche.mr\/index.php?rest_route=\/wp\/v2\/media\/16698"}],"wp:attachment":[{"href":"https:\/\/ladepeche.mr\/index.php?rest_route=%2Fwp%2Fv2%2Fmedia&parent=16697"}],"wp:term":[{"taxonomy":"category","embeddable":true,"href":"https:\/\/ladepeche.mr\/index.php?rest_route=%2Fwp%2Fv2%2Fcategories&post=16697"},{"taxonomy":"post_tag","embeddable":true,"href":"https:\/\/ladepeche.mr\/index.php?rest_route=%2Fwp%2Fv2%2Ftags&post=16697"}],"curies":[{"name":"wp","href":"https:\/\/api.w.org\/{rel}","templated":true}]}}