{"id":16703,"date":"2025-07-02T20:08:24","date_gmt":"2025-07-02T20:08:24","guid":{"rendered":"https:\/\/ladepeche.mr\/?p=16703"},"modified":"2025-07-02T19:11:57","modified_gmt":"2025-07-02T19:11:57","slug":"tensions-au-togo-la-cedeao-plaide-pour-le-dialogue","status":"publish","type":"post","link":"https:\/\/ladepeche.mr\/?p=16703","title":{"rendered":"Tensions au Togo : la CEDEAO plaide pour le dialogue"},"content":{"rendered":"<p>Alors que le Togo traverse une nouvelle vague de troubles, la Communaut\u00e9 \u00e9conomique des \u00c9tats de l\u2019Afrique de l\u2019Ouest (CEDEAO) a appel\u00e9, dans un communiqu\u00e9 publi\u00e9 le 30 juin, \u00e0 \u00ab la retenue \u00bb et au dialogue entre les diff\u00e9rents acteurs politiques et sociaux du pays.<\/p>\n<p>Cette d\u00e9claration intervient apr\u00e8s trois jours de manifestations, les 26, 27 et 28 juin 2025, \u00e9maill\u00e9es de violences, principalement \u00e0 Lom\u00e9. Des affrontements entre forces de l\u2019ordre et manifestants ont caus\u00e9 plusieurs morts \u2014 au moins sept, selon des sources de la soci\u00e9t\u00e9 civile \u2014, dont deux ressortissants b\u00e9ninois retrouv\u00e9s noy\u00e9s dans des conditions encore floues.<br \/>\nLa CEDEAO, sans mentionner de chiffres ni d\u00e9signer de responsabilit\u00e9s, se dit \u00ab pr\u00e9occup\u00e9e \u00bb par ces \u00e9v\u00e9nements et souligne la n\u00e9cessit\u00e9 de pr\u00e9server un climat propice \u00e0 la paix sociale et au d\u00e9veloppement \u00e9conomique. Elle r\u00e9affirme sa disponibilit\u00e9 \u00e0 soutenir toute initiative visant \u00e0 r\u00e9tablir la confiance.<\/p>\n<p>Mais cet appel au dialogue se heurte \u00e0 une r\u00e9alit\u00e9 politique tendue. Depuis la d\u00e9mission du gouvernement togolais en mai, le pays traverse une phase d\u2019incertitude institutionnelle. Des critiques \u00e9mergent d\u00e9sormais au sein m\u00eame de la majorit\u00e9 pr\u00e9sidentielle, r\u00e9v\u00e9lant un climat de fragilit\u00e9 et de division.<\/p>\n<p>Sur le terrain, la soci\u00e9t\u00e9 civile, emmen\u00e9e par des figures comme le professeur David Dosseh, insiste elle aussi sur la n\u00e9cessit\u00e9 du dialogue, mais exige qu\u2019il soit pr\u00e9c\u00e9d\u00e9 d\u2019enqu\u00eates ind\u00e9pendantes sur les violences commises. \u00ab La col\u00e8re est vive, il faut des gestes forts de la part des autorit\u00e9s \u00bb, avertit-il.<\/p>\n<p>Dans ce contexte, la CEDEAO joue un r\u00f4le d\u2019arbitre attendu. Entre exigence de stabilit\u00e9 et volont\u00e9 de justice, son appel au dialogue ne pourra \u00eatre entendu que s\u2019il s\u2019accompagne d\u2019un engagement r\u00e9el en faveur de la transparence et de la responsabilit\u00e9.<\/p>\n","protected":false},"excerpt":{"rendered":"<p>Alors que le Togo traverse une nouvelle vague de troubles, la Communaut\u00e9 \u00e9conomique des \u00c9tats de l\u2019Afrique de l\u2019Ouest (CEDEAO) a appel\u00e9, dans un communiqu\u00e9 publi\u00e9 le 30 juin, \u00e0 \u00ab la retenue \u00bb et au dialogue entre les diff\u00e9rents acteurs politiques et sociaux du pays. Cette d\u00e9claration intervient apr\u00e8s trois jours de manifestations, les &hellip;<\/p>\n","protected":false},"author":2,"featured_media":16704,"comment_status":"open","ping_status":"open","sticky":false,"template":"","format":"standard","meta":{"footnotes":""},"categories":[18,29],"tags":[],"class_list":["post-16703","post","type-post","status-publish","format-standard","has-post-thumbnail","hentry","category-actualites","category-monde"],"_links":{"self":[{"href":"https:\/\/ladepeche.mr\/index.php?rest_route=\/wp\/v2\/posts\/16703","targetHints":{"allow":["GET"]}}],"collection":[{"href":"https:\/\/ladepeche.mr\/index.php?rest_route=\/wp\/v2\/posts"}],"about":[{"href":"https:\/\/ladepeche.mr\/index.php?rest_route=\/wp\/v2\/types\/post"}],"author":[{"embeddable":true,"href":"https:\/\/ladepeche.mr\/index.php?rest_route=\/wp\/v2\/users\/2"}],"replies":[{"embeddable":true,"href":"https:\/\/ladepeche.mr\/index.php?rest_route=%2Fwp%2Fv2%2Fcomments&post=16703"}],"version-history":[{"count":1,"href":"https:\/\/ladepeche.mr\/index.php?rest_route=\/wp\/v2\/posts\/16703\/revisions"}],"predecessor-version":[{"id":16705,"href":"https:\/\/ladepeche.mr\/index.php?rest_route=\/wp\/v2\/posts\/16703\/revisions\/16705"}],"wp:featuredmedia":[{"embeddable":true,"href":"https:\/\/ladepeche.mr\/index.php?rest_route=\/wp\/v2\/media\/16704"}],"wp:attachment":[{"href":"https:\/\/ladepeche.mr\/index.php?rest_route=%2Fwp%2Fv2%2Fmedia&parent=16703"}],"wp:term":[{"taxonomy":"category","embeddable":true,"href":"https:\/\/ladepeche.mr\/index.php?rest_route=%2Fwp%2Fv2%2Fcategories&post=16703"},{"taxonomy":"post_tag","embeddable":true,"href":"https:\/\/ladepeche.mr\/index.php?rest_route=%2Fwp%2Fv2%2Ftags&post=16703"}],"curies":[{"name":"wp","href":"https:\/\/api.w.org\/{rel}","templated":true}]}}