{"id":16712,"date":"2025-07-02T21:07:37","date_gmt":"2025-07-02T21:07:37","guid":{"rendered":"https:\/\/ladepeche.mr\/?p=16712"},"modified":"2025-07-02T21:07:37","modified_gmt":"2025-07-02T21:07:37","slug":"global-gateway-bei-monde-et-la-banque-el-amana-signent-un-pret-pour-ameliorer-linclusion-financiere-des-femmes-et-des-jeunes-dans-leconomie-bleue-en-mauritanie","status":"publish","type":"post","link":"https:\/\/ladepeche.mr\/?p=16712","title":{"rendered":"Global Gateway : BEI Monde et la Banque El Amana signent un pr\u00eat pour am\u00e9liorer l\u2019inclusion financi\u00e8re des femmes et des jeunes dans l\u2019\u00e9conomie bleue en Mauritanie"},"content":{"rendered":"<p>La Banque El Amana (BEA) et la Banque europ\u00e9enne d\u2019investissement (BEI), via sa branche BEI Monde, ont sign\u00e9 un accord de 20 millions d\u2019euros pour le financement des petites et moyennes entreprises (PME) en Mauritanie, \u00e0 l\u2019occasion de la quatri\u00e8me Conf\u00e9rence internationale sur le financement du d\u00e9veloppement (FfD4).<\/p>\n<p>Au moins 30 % des financements seront destin\u00e9s \u00e0 des entreprises dirig\u00e9es ou d\u00e9tenues par des femmes, ou qui comptent une forte proportion de femmes dans leurs effectifs. Par ailleurs, 30 % sont \u00e9galement r\u00e9serv\u00e9s aux entreprises dirig\u00e9es ou d\u00e9tenues par des jeunes, ou qui emploient un grand nombre d\u2019entre eux.<\/p>\n<p>Mohamed Ahmed Salem Bouna Moctar, directeur g\u00e9n\u00e9ral de la BEA : \u00ab Ce partenariat avec la BEI renforce le r\u00f4le de la BEA \u00e0 l\u2019appui du d\u00e9veloppement de l\u2019\u00e9conomie bleue en Mauritanie. Il refl\u00e8te notre engagement en faveur d\u2019une croissance durable, inclusive et innovante, au service de la jeunesse, des femmes et de la valorisation responsable de nos ressources naturelles. \u00bb<\/p>\n<p>Ambroise Fayolle, vice-pr\u00e9sident de la BEI : \u00ab En misant sur la p\u00eache durable, un secteur strat\u00e9gique pour l\u2019\u00e9conomie mauritanienne, nous contribuons \u00e0 pr\u00e9server les ressources naturelles tout en favorisant des cha\u00eenes de valeur plus r\u00e9silientes et inclusives. Je me r\u00e9jouis \u00e9galement que ce projet accorde une attention particuli\u00e8re \u00e0 l\u2019autonomisation \u00e9conomique des jeunes et des femmes, qui sont souvent sous-repr\u00e9sent\u00e9s dans l\u2019acc\u00e8s au financement, mais dont le r\u00f4le dans le d\u00e9veloppement local est primordial. C\u2019est cette double ambition \u2013 environnementale et sociale \u2013 qui incarne l\u2019esprit de notre travail avec la BEA et nos partenaires de l\u2019UE dans le cadre de la strat\u00e9gie \u201cGlobal Gateway\u201d. \u00bb<\/p>\n<p>Jozef S\u00edkela, commissaire europ\u00e9en aux partenariats internationaux : \u00ab Gr\u00e2ce \u00e0 cet investissement au titre de \u201cGlobal Gateway\u201d, nous approfondissons encore notre soutien \u00e0 la p\u00eache durable et \u00e0 l\u2019\u00e9conomie bleue en Mauritanie, tout en \u00e9largissant les possibilit\u00e9s offertes aux jeunes et aux entreprises dirig\u00e9es par des femmes. Je suis heureux de constater qu\u2019\u00e0 la suite de ma mission en Mauritanie en d\u00e9cembre dernier, notre partenariat continue de se renforcer. \u00bb<\/p>\n<p>Inclusion financi\u00e8re des femmes et des jeunes<\/p>\n<p>L\u2019objectif de 30 % en faveur d\u2019entreprises dirig\u00e9es ou d\u00e9tenues par des femmes, ou qui comptent une grande proportion de femmes dans leurs effectifs, est conforme aux crit\u00e8res internationaux du D\u00e9fi 2X. En Mauritanie, malgr\u00e9 des avanc\u00e9es notables, l\u2019acc\u00e8s des femmes au financement reste limit\u00e9, en particulier dans les secteurs porteurs comme la p\u00eache ou l\u2019agrotransformation.<\/p>\n<p>L\u2019objectif de cr\u00e9er des perspectives \u00e9conomiques durables pour la jeunesse mauritanienne s\u2019inscrit pleinement dans le cadre du partenariat UE-Mauritanie en mati\u00e8re de migration, lanc\u00e9 en mars 2024 pour accro\u00eetre l\u2019emploi local, dans un pays o\u00f9 plus de 60 % de la population active a moins de 35 ans, et pour renforcer la stabilit\u00e9 r\u00e9gionale.<\/p>\n<p>La BEA joue d\u2019ores et d\u00e9j\u00e0 un r\u00f4le moteur en mati\u00e8re d\u2019inclusion financi\u00e8re, notamment via l\u2019ouverture, en 2023, d\u2019une agence bancaire au sein du camp de r\u00e9fugi\u00e9s de Mbera, en partenariat avec le Haut-Commissariat des Nations unies pour les r\u00e9fugi\u00e9s (HCR), afin de faciliter l\u2019acc\u00e8s aux services financiers pour les populations d\u00e9plac\u00e9es et leurs communaut\u00e9s d\u2019accueil.<\/p>\n<p>Partenariat strat\u00e9gique pour la p\u00eache durable<\/p>\n<p>Cette op\u00e9ration vise \u00e0 renforcer les cha\u00eenes de valeur des produits de la mer, un pilier strat\u00e9gique de la coop\u00e9ration entre la Mauritanie et l\u2019Union europ\u00e9enne, dans le cadre de l\u2019accord de partenariat dans le domaine de la p\u00eache durable (APPD) qui promeut une gestion responsable des ressources halieutiques.<\/p>\n<p>Toutes les entreprises du secteur de la p\u00eache b\u00e9n\u00e9ficiaires du partenariat BEI-BEA devront s\u2019engager \u00e0 am\u00e9liorer leurs pratiques et \u00e0 obtenir des certifications environnementales internationales, notamment aupr\u00e8s du Conseil d\u2019intendance des mers (MSC). Une assistance technique cibl\u00e9e permettra d\u2019accompagner cette transformation.<\/p>\n<p>Cet accord refl\u00e8te les objectifs communs de la Mauritanie et de l\u2019\u00c9quipe Europe et s\u2019appuie sur la collaboration entre, d\u2019une part, la KfW et le minist\u00e8re f\u00e9d\u00e9ral allemand de la coop\u00e9ration \u00e9conomique et du d\u00e9veloppement (BMZ) et, d\u2019autre part, plusieurs banques mauritaniennes, dont la BEA, afin de d\u00e9velopper la cha\u00eene de valeur des petits poissons p\u00e9lagiques destin\u00e9s \u00e0 la consommation humaine. Il est au service de l\u2019\u00e9conomie bleue, un domaine de d\u00e9veloppement int\u00e9gr\u00e9 soutenu par l\u2019Union europ\u00e9enne par l\u2019interm\u00e9diaire de la strat\u00e9gie \u00ab Global Gateway \u00bb, parall\u00e8lement au projet de construction d\u2019un d\u00e9barcad\u00e8re am\u00e9nag\u00e9 pour la p\u00eache artisanale pirogui\u00e8re sur la c\u00f4te sud de la Mauritanie. Ce financement s\u2019inscrit dans le cadre du Fonds europ\u00e9en pour le d\u00e9veloppement durable Plus (FEDD+) au titre de la strat\u00e9gie \u00ab Global Gateway \u00bb de l\u2019Union europ\u00e9enne.<br \/>\nhttps:\/\/www.eeas.europa.eu\/delegations\/mauritanie\/global-gateway-bei-monde-et-la-banque-el-amana-signent-un-pr%C3%AAt-pour-am%C3%A9liorer-l%E2%80%99inclusion-financi%C3%A8re_fr?fbclid=IwY2xjawLSfhdleHRuA2FlbQIxMABicmlkETFwVlZCbUs4Um9DcTJ5RkVJAR6SQ3gARoo-0pVQnFY0IXi8Fr0kSId49Czl8S5ROY9CUiB2i0jHdw6COMr6Iw_aem_Njl2aYgvil27tYZSbsh9Jw<\/p>\n","protected":false},"excerpt":{"rendered":"<p>La Banque El Amana (BEA) et la Banque europ\u00e9enne d\u2019investissement (BEI), via sa branche BEI Monde, ont sign\u00e9 un accord de 20 millions d\u2019euros pour le financement des petites et moyennes entreprises (PME) en Mauritanie, \u00e0 l\u2019occasion de la quatri\u00e8me Conf\u00e9rence internationale sur le financement du d\u00e9veloppement (FfD4). Au moins 30 % des financements seront &hellip;<\/p>\n","protected":false},"author":2,"featured_media":16713,"comment_status":"open","ping_status":"open","sticky":false,"template":"","format":"standard","meta":{"footnotes":""},"categories":[18,2],"tags":[],"class_list":["post-16712","post","type-post","status-publish","format-standard","has-post-thumbnail","hentry","category-actualites","category-economie"],"_links":{"self":[{"href":"https:\/\/ladepeche.mr\/index.php?rest_route=\/wp\/v2\/posts\/16712","targetHints":{"allow":["GET"]}}],"collection":[{"href":"https:\/\/ladepeche.mr\/index.php?rest_route=\/wp\/v2\/posts"}],"about":[{"href":"https:\/\/ladepeche.mr\/index.php?rest_route=\/wp\/v2\/types\/post"}],"author":[{"embeddable":true,"href":"https:\/\/ladepeche.mr\/index.php?rest_route=\/wp\/v2\/users\/2"}],"replies":[{"embeddable":true,"href":"https:\/\/ladepeche.mr\/index.php?rest_route=%2Fwp%2Fv2%2Fcomments&post=16712"}],"version-history":[{"count":1,"href":"https:\/\/ladepeche.mr\/index.php?rest_route=\/wp\/v2\/posts\/16712\/revisions"}],"predecessor-version":[{"id":16714,"href":"https:\/\/ladepeche.mr\/index.php?rest_route=\/wp\/v2\/posts\/16712\/revisions\/16714"}],"wp:featuredmedia":[{"embeddable":true,"href":"https:\/\/ladepeche.mr\/index.php?rest_route=\/wp\/v2\/media\/16713"}],"wp:attachment":[{"href":"https:\/\/ladepeche.mr\/index.php?rest_route=%2Fwp%2Fv2%2Fmedia&parent=16712"}],"wp:term":[{"taxonomy":"category","embeddable":true,"href":"https:\/\/ladepeche.mr\/index.php?rest_route=%2Fwp%2Fv2%2Fcategories&post=16712"},{"taxonomy":"post_tag","embeddable":true,"href":"https:\/\/ladepeche.mr\/index.php?rest_route=%2Fwp%2Fv2%2Ftags&post=16712"}],"curies":[{"name":"wp","href":"https:\/\/api.w.org\/{rel}","templated":true}]}}