{"id":16715,"date":"2025-07-03T09:00:48","date_gmt":"2025-07-03T09:00:48","guid":{"rendered":"https:\/\/ladepeche.mr\/?p=16715"},"modified":"2025-07-02T21:43:58","modified_gmt":"2025-07-02T21:43:58","slug":"le-ministre-delegue-charge-du-budget-sentretient-avec-une-delegation-japonaise-sur-le-renforcement-de-la-cooperation-economique-et-sociale","status":"publish","type":"post","link":"https:\/\/ladepeche.mr\/?p=16715","title":{"rendered":"Le ministre d\u00e9l\u00e9gu\u00e9 charg\u00e9 du Budget s\u2019entretient avec une d\u00e9l\u00e9gation japonaise sur le renforcement de la coop\u00e9ration \u00e9conomique et sociale"},"content":{"rendered":"<p>Son Excellence le  ministre d\u00e9l\u00e9gu\u00e9 aupr\u00e8s du ministre de l\u2019\u00c9conomie et des Finances, charg\u00e9 du Budget, M. Codioro Moussa N\u2019guenore, a re\u00e7u  mercredi \u00e0 Nouakchott une d\u00e9l\u00e9gation de haut niveau de l\u2019Agence japonaise de coop\u00e9ration internationale (JICA), conduite par son premier vice-pr\u00e9sident, M. Naomi Ando.<\/p>\n<p>La rencontre a constitu\u00e9 une occasion importante d\u2019\u00e9changer sur les moyens de renforcer et de d\u00e9velopper les relations de coop\u00e9ration entre la Mauritanie et le Japon, notamment \u00e0 travers les interventions de la JICA dans le financement et l\u2019appui de projets \u00e0 port\u00e9e \u00e9conomique et sociale.<\/p>\n<p>Plusieurs hauts responsables du Minist\u00e8re de l\u2019\u00c9conomie et des Finances ont pris part \u00e0 la r\u00e9union, dont le directeur de cabinet du ministre, M. Diallo Mamadou Abdoulaye, le directeur g\u00e9n\u00e9ral adjoint de la coop\u00e9ration \u00e9conomique et du financement, M. Mahfoudh Ahmedou, ainsi que le directeur du financement, M. Sy Mamadou.<\/p>\n","protected":false},"excerpt":{"rendered":"<p>Son Excellence le ministre d\u00e9l\u00e9gu\u00e9 aupr\u00e8s du ministre de l\u2019\u00c9conomie et des Finances, charg\u00e9 du Budget, M. Codioro Moussa N\u2019guenore, a re\u00e7u mercredi \u00e0 Nouakchott une d\u00e9l\u00e9gation de haut niveau de l\u2019Agence japonaise de coop\u00e9ration internationale (JICA), conduite par son premier vice-pr\u00e9sident, M. Naomi Ando. La rencontre a constitu\u00e9 une occasion importante d\u2019\u00e9changer sur les &hellip;<\/p>\n","protected":false},"author":2,"featured_media":16716,"comment_status":"open","ping_status":"open","sticky":false,"template":"","format":"standard","meta":{"footnotes":""},"categories":[18,2],"tags":[],"class_list":["post-16715","post","type-post","status-publish","format-standard","has-post-thumbnail","hentry","category-actualites","category-economie"],"_links":{"self":[{"href":"https:\/\/ladepeche.mr\/index.php?rest_route=\/wp\/v2\/posts\/16715","targetHints":{"allow":["GET"]}}],"collection":[{"href":"https:\/\/ladepeche.mr\/index.php?rest_route=\/wp\/v2\/posts"}],"about":[{"href":"https:\/\/ladepeche.mr\/index.php?rest_route=\/wp\/v2\/types\/post"}],"author":[{"embeddable":true,"href":"https:\/\/ladepeche.mr\/index.php?rest_route=\/wp\/v2\/users\/2"}],"replies":[{"embeddable":true,"href":"https:\/\/ladepeche.mr\/index.php?rest_route=%2Fwp%2Fv2%2Fcomments&post=16715"}],"version-history":[{"count":1,"href":"https:\/\/ladepeche.mr\/index.php?rest_route=\/wp\/v2\/posts\/16715\/revisions"}],"predecessor-version":[{"id":16717,"href":"https:\/\/ladepeche.mr\/index.php?rest_route=\/wp\/v2\/posts\/16715\/revisions\/16717"}],"wp:featuredmedia":[{"embeddable":true,"href":"https:\/\/ladepeche.mr\/index.php?rest_route=\/wp\/v2\/media\/16716"}],"wp:attachment":[{"href":"https:\/\/ladepeche.mr\/index.php?rest_route=%2Fwp%2Fv2%2Fmedia&parent=16715"}],"wp:term":[{"taxonomy":"category","embeddable":true,"href":"https:\/\/ladepeche.mr\/index.php?rest_route=%2Fwp%2Fv2%2Fcategories&post=16715"},{"taxonomy":"post_tag","embeddable":true,"href":"https:\/\/ladepeche.mr\/index.php?rest_route=%2Fwp%2Fv2%2Ftags&post=16715"}],"curies":[{"name":"wp","href":"https:\/\/api.w.org\/{rel}","templated":true}]}}