{"id":16719,"date":"2025-07-03T15:07:07","date_gmt":"2025-07-03T15:07:07","guid":{"rendered":"https:\/\/ladepeche.mr\/?p=16719"},"modified":"2025-07-03T15:07:07","modified_gmt":"2025-07-03T15:07:07","slug":"tchequie-la-ministre-de-la-defense-rend-visite-aux-soldats-tcheques-en-mauritanie","status":"publish","type":"post","link":"https:\/\/ladepeche.mr\/?p=16719","title":{"rendered":"Tch\u00e9quie: La ministre de la D\u00e9fense rend visite aux soldats tch\u00e8ques en Mauritanie"},"content":{"rendered":"<p>&#8220;Je me suis rendue en Mauritanie principalement \u00e0 cause de nos soldats &#8211; membres du 601e Groupe des Forces Sp\u00e9ciales de l&#8217;arm\u00e9e tch\u00e8que, qui forment et conseillent les forces sp\u00e9ciales locales pour les aider \u00e0 affronter le terrorisme par elles-m\u00eames et \u00e0 prot\u00e9ger la s\u00e9curit\u00e9 de tout le Sahel &#8211; une r\u00e9gion dont la d\u00e9stabilisation affecterait rapidement l&#8217;Europe&#8221;, a indiqu\u00e9 la ministre de la D\u00e9fense Jana \u010cernochov\u00e1.<\/p>\n<p>\u00c0 Nouakchott, la ministre a \u00e9t\u00e9 re\u00e7ue mercredi par le pr\u00e9sident de la R\u00e9publique, Mohamed Ould Cheikh El Ghazouani, dans le cadre d\u2019une visite officielle visant \u00e0 renforcer la coop\u00e9ration bilat\u00e9rale, notamment dans les domaines de la d\u00e9fense et de la s\u00e9curit\u00e9. En novembre dernier, le Parlement a approuv\u00e9 la poursuite des op\u00e9rations ext\u00e9rieures des forces arm\u00e9es tch\u00e8ques jusqu&#8217;\u00e0 fin 2026, y compris en Mauritanie.<\/p>\n<p>Selon l&#8217;Agence mauritanienne d&#8217;information, le chef de l&#8217;Etat a soulign\u00e9 &#8220;l\u2019engagement de la Mauritanie \u00e0 diversifier ses partenariats strat\u00e9giques et \u00e0 d\u00e9velopper ses relations avec les pays amis, sur la base des principes de respect mutuel et de service des int\u00e9r\u00eats communs&#8221;.<br \/>\nhttps:\/\/francais.radio.cz\/la-ministre-de-la-defense-rend-visite-aux-soldats-tcheques-en-mauritanie-8855766<\/p>\n","protected":false},"excerpt":{"rendered":"<p>&#8220;Je me suis rendue en Mauritanie principalement \u00e0 cause de nos soldats &#8211; membres du 601e Groupe des Forces Sp\u00e9ciales de l&#8217;arm\u00e9e tch\u00e8que, qui forment et conseillent les forces sp\u00e9ciales locales pour les aider \u00e0 affronter le terrorisme par elles-m\u00eames et \u00e0 prot\u00e9ger la s\u00e9curit\u00e9 de tout le Sahel &#8211; une r\u00e9gion dont la d\u00e9stabilisation &hellip;<\/p>\n","protected":false},"author":2,"featured_media":16720,"comment_status":"open","ping_status":"open","sticky":false,"template":"","format":"standard","meta":{"footnotes":""},"categories":[18,29],"tags":[],"class_list":["post-16719","post","type-post","status-publish","format-standard","has-post-thumbnail","hentry","category-actualites","category-monde"],"_links":{"self":[{"href":"https:\/\/ladepeche.mr\/index.php?rest_route=\/wp\/v2\/posts\/16719","targetHints":{"allow":["GET"]}}],"collection":[{"href":"https:\/\/ladepeche.mr\/index.php?rest_route=\/wp\/v2\/posts"}],"about":[{"href":"https:\/\/ladepeche.mr\/index.php?rest_route=\/wp\/v2\/types\/post"}],"author":[{"embeddable":true,"href":"https:\/\/ladepeche.mr\/index.php?rest_route=\/wp\/v2\/users\/2"}],"replies":[{"embeddable":true,"href":"https:\/\/ladepeche.mr\/index.php?rest_route=%2Fwp%2Fv2%2Fcomments&post=16719"}],"version-history":[{"count":1,"href":"https:\/\/ladepeche.mr\/index.php?rest_route=\/wp\/v2\/posts\/16719\/revisions"}],"predecessor-version":[{"id":16721,"href":"https:\/\/ladepeche.mr\/index.php?rest_route=\/wp\/v2\/posts\/16719\/revisions\/16721"}],"wp:featuredmedia":[{"embeddable":true,"href":"https:\/\/ladepeche.mr\/index.php?rest_route=\/wp\/v2\/media\/16720"}],"wp:attachment":[{"href":"https:\/\/ladepeche.mr\/index.php?rest_route=%2Fwp%2Fv2%2Fmedia&parent=16719"}],"wp:term":[{"taxonomy":"category","embeddable":true,"href":"https:\/\/ladepeche.mr\/index.php?rest_route=%2Fwp%2Fv2%2Fcategories&post=16719"},{"taxonomy":"post_tag","embeddable":true,"href":"https:\/\/ladepeche.mr\/index.php?rest_route=%2Fwp%2Fv2%2Ftags&post=16719"}],"curies":[{"name":"wp","href":"https:\/\/api.w.org\/{rel}","templated":true}]}}