{"id":16722,"date":"2025-07-03T15:14:02","date_gmt":"2025-07-03T15:14:02","guid":{"rendered":"https:\/\/ladepeche.mr\/?p=16722"},"modified":"2025-07-03T15:14:02","modified_gmt":"2025-07-03T15:14:02","slug":"la-societe-arma-environnement-annonce-le-debut-de-ses-operations-de-gestion-des-installations-de-proprete-a-nouakchott","status":"publish","type":"post","link":"https:\/\/ladepeche.mr\/?p=16722","title":{"rendered":"La soci\u00e9t\u00e9 \u201cARMA Environnement\u201d annonce le d\u00e9but de ses op\u00e9rations de gestion des installations de propret\u00e9 \u00e0 Nouakchott"},"content":{"rendered":"<p>La soci\u00e9t\u00e9 \u201cARMA Environnement\u201d a annonc\u00e9, ce mercredi matin, le lancement de ses services de gestion des installations de propret\u00e9 dans la ville de Nouakchott.<\/p>\n<p>Le Pr\u00e9sident-Directeur G\u00e9n\u00e9ral de la soci\u00e9t\u00e9 \u201cARMA Environnement\u201d, M. Youssef Ahizoune, a d\u00e9clar\u00e9, lors d\u2019une c\u00e9r\u00e9monie organis\u00e9e aujourd\u2019hui \u00e0 cette occasion \u00e0 Nouakchott, qu\u2019au sein du groupe \u201cARMA\u201d, ils se consid\u00e8rent comme de \u201cv\u00e9ritables partenaires du d\u00e9veloppement environnemental et urbain\u201d, soulignant leur longue exp\u00e9rience dans plusieurs villes, ce qui a contribu\u00e9 \u00e0 am\u00e9liorer la qualit\u00e9 de vie dans ces villes gr\u00e2ce \u00e0 une gestion efficace des services de propret\u00e9.<\/p>\n<p>Il a ajout\u00e9 que la soci\u00e9t\u00e9 a \u00e9t\u00e9 charg\u00e9e de g\u00e9rer les installations de propret\u00e9 \u00e0 Nouakchott, affirmant qu\u2019ils sont conscients de l\u2019ampleur des d\u00e9fis \u00e0 venir et des attentes des citoyens en mati\u00e8re d\u2019am\u00e9liorations tangibles et rapides au niveau de la propret\u00e9 g\u00e9n\u00e9rale.<\/p>\n<p>Il a d\u00e9clar\u00e9 qu\u2019ils sont venus \u00e0 Nouakchott avec une forte d\u00e9termination, une \u00e9quipe qualifi\u00e9e et motiv\u00e9e, soutenue par une flotte de v\u00e9hicules et d\u2019\u00e9quipements de pointe, qui respectent les normes environnementales les plus \u00e9lev\u00e9es.<\/p>\n<p>Il a soulign\u00e9 que la soci\u00e9t\u00e9 travaille dans un esprit de coop\u00e9ration avec les autorit\u00e9s locales et les \u00e9lus, et avec une ouverture totale aux observations et suggestions de la soci\u00e9t\u00e9 civile.<\/p>\n<p>L\u2019ing\u00e9nieur d\u2019\u00e9tudes de la soci\u00e9t\u00e9 ARMA, M. Younes Nasser, a \u00e9galement pr\u00e9sent\u00e9 un expos\u00e9 sur les outils et techniques adopt\u00e9s par la soci\u00e9t\u00e9 dans l\u2019ex\u00e9cution de ses op\u00e9rations, ainsi que les \u00e9tapes principales que la soci\u00e9t\u00e9 suivra pour la propret\u00e9 de la ville de Nouakchott.<br \/>\nAmi<\/p>\n","protected":false},"excerpt":{"rendered":"<p>La soci\u00e9t\u00e9 \u201cARMA Environnement\u201d a annonc\u00e9, ce mercredi matin, le lancement de ses services de gestion des installations de propret\u00e9 dans la ville de Nouakchott. Le Pr\u00e9sident-Directeur G\u00e9n\u00e9ral de la soci\u00e9t\u00e9 \u201cARMA Environnement\u201d, M. Youssef Ahizoune, a d\u00e9clar\u00e9, lors d\u2019une c\u00e9r\u00e9monie organis\u00e9e aujourd\u2019hui \u00e0 cette occasion \u00e0 Nouakchott, qu\u2019au sein du groupe \u201cARMA\u201d, ils se &hellip;<\/p>\n","protected":false},"author":2,"featured_media":16723,"comment_status":"open","ping_status":"open","sticky":false,"template":"","format":"standard","meta":{"footnotes":""},"categories":[18,2],"tags":[],"class_list":["post-16722","post","type-post","status-publish","format-standard","has-post-thumbnail","hentry","category-actualites","category-economie"],"_links":{"self":[{"href":"https:\/\/ladepeche.mr\/index.php?rest_route=\/wp\/v2\/posts\/16722","targetHints":{"allow":["GET"]}}],"collection":[{"href":"https:\/\/ladepeche.mr\/index.php?rest_route=\/wp\/v2\/posts"}],"about":[{"href":"https:\/\/ladepeche.mr\/index.php?rest_route=\/wp\/v2\/types\/post"}],"author":[{"embeddable":true,"href":"https:\/\/ladepeche.mr\/index.php?rest_route=\/wp\/v2\/users\/2"}],"replies":[{"embeddable":true,"href":"https:\/\/ladepeche.mr\/index.php?rest_route=%2Fwp%2Fv2%2Fcomments&post=16722"}],"version-history":[{"count":1,"href":"https:\/\/ladepeche.mr\/index.php?rest_route=\/wp\/v2\/posts\/16722\/revisions"}],"predecessor-version":[{"id":16724,"href":"https:\/\/ladepeche.mr\/index.php?rest_route=\/wp\/v2\/posts\/16722\/revisions\/16724"}],"wp:featuredmedia":[{"embeddable":true,"href":"https:\/\/ladepeche.mr\/index.php?rest_route=\/wp\/v2\/media\/16723"}],"wp:attachment":[{"href":"https:\/\/ladepeche.mr\/index.php?rest_route=%2Fwp%2Fv2%2Fmedia&parent=16722"}],"wp:term":[{"taxonomy":"category","embeddable":true,"href":"https:\/\/ladepeche.mr\/index.php?rest_route=%2Fwp%2Fv2%2Fcategories&post=16722"},{"taxonomy":"post_tag","embeddable":true,"href":"https:\/\/ladepeche.mr\/index.php?rest_route=%2Fwp%2Fv2%2Ftags&post=16722"}],"curies":[{"name":"wp","href":"https:\/\/api.w.org\/{rel}","templated":true}]}}