{"id":16735,"date":"2025-07-03T16:53:17","date_gmt":"2025-07-03T16:53:17","guid":{"rendered":"https:\/\/ladepeche.mr\/?p=16735"},"modified":"2025-07-03T16:53:17","modified_gmt":"2025-07-03T16:53:17","slug":"le-president-de-la-republique-supervise-linauguration-et-la-pose-de-la-premiere-pierre-dinstallations-a-nouakchott","status":"publish","type":"post","link":"https:\/\/ladepeche.mr\/?p=16735","title":{"rendered":"Le Pr\u00e9sident de la R\u00e9publique supervise l\u2019inauguration et la pose de la premi\u00e8re pierre d\u2019installations \u00e0 Nouakchott"},"content":{"rendered":"<p>Son Excellence le Pr\u00e9sident de la R\u00e9publique, Monsieur Mohamed Ould Cheikh El Ghazouani, a inaugur\u00e9, jeudi, des installations de d\u00e9veloppement et pos\u00e9 la premi\u00e8re pierre d\u2019autres \u00e0 Nouakchott.<\/p>\n<p>Parmi les installations inaugur\u00e9es, ou la premi\u00e8re pierre pos\u00e9e par Son Excellence le Pr\u00e9sident de la R\u00e9publique, la construction de l\u2019Ecole de Formation Professionnelle et Technique dans le domaine des Mines, du P\u00e9trole et du Gaz, le nouveau si\u00e8ge de la D\u00e9l\u00e9gation G\u00e9n\u00e9rale \u00e0 la S\u00e9curit\u00e9 Civile et \u00e0 la Gestion des Crises, et la construction du si\u00e8ge de la D\u00e9l\u00e9gation G\u00e9n\u00e9rale aux Documents Nationaux, en plus de la pose de la premi\u00e8re pierre de la construction de deux nouveaux si\u00e8ges l\u2019un pour le Laboratoire National de Contr\u00f4le de la Qualit\u00e9 des M\u00e9dicaments et l\u2019autre de l\u2019Ecole Commerciale d\u2019Enseignement Technique et Professionnel.<\/p>\n<p>Ces installations, qui s\u2019inscrivent dans le cadre du remarquable d\u00e9veloppement des infrastructures dans divers domaines, contribueront \u00e0 cr\u00e9er les conditions qui permettent aux \u00e9tablissements<\/p>\n<p>concern\u00e9s de s\u2019acquitter des missions qui leur sont assign\u00e9es, disposant de si\u00e8ges suffisamment \u00e9quip\u00e9s, cr\u00e9ant ainsi des conditions de travail assez confortables.<\/p>\n<p>Intervenant lors de la c\u00e9r\u00e9monie, le ministre de l\u2019Habitat, de l\u2019Urbanisme et de l\u2019Am\u00e9nagement du Territoire, M. Mamadou Mamoudou Niang, a indiqu\u00e9 que \u2018\u2019la cartographie du d\u00e9veloppement urbain en Mauritanie s\u2019\u00e9largit avec s\u00e9rieux, professionnalisme et haute responsabilit\u00e9, conform\u00e9ment \u00e0 la vision de Son Excellence le Pr\u00e9sident de la R\u00e9publique, Monsieur Mohamed Ould Cheikh El Ghazouani\u2019\u2019, dit \u2013 il.<\/p>\n<p>Il a pass\u00e9 en revue les projets de d\u00e9veloppement lanc\u00e9s aujourd\u2019hui, qui constituent un compl\u00e9ment qualitatif, soulignant que \u2018\u2019l\u2019Ecole de Formation Professionnelle et Technique dans les domaines des mines, du p\u00e9trole et du gaz, un \u00e9difice scientifique qui incarne l\u2019importance de l\u2019investissement dans les comp\u00e9tences nationales, offrira aux jeunes une v\u00e9ritable porte d\u2019acc\u00e8s \u00e0 un march\u00e9 de travail prometteur dans notre pays\u2019\u2019, pr\u00e9cise \u2013 t \u2013 il.<\/p>\n<p>M. le ministre a rappel\u00e9 que ces r\u00e9alisations s\u2019accompagnent d\u2019efforts de mise en \u0153uvre du programme de modernisation de la ville de Nouakchott et du programme d\u2019urgence d\u2019acc\u00e8s aux services de base pour tous en faveur du d\u00e9veloppement local, dont la priorit\u00e9s sont ax\u00e9es sur la sant\u00e9, l\u2019\u00e9ducation, l\u2019eau, l\u2019\u00e9lectricit\u00e9 et les routes.<\/p>\n<p>Dans un discours prononc\u00e9 plus t\u00f4t, le maire de la commune du Ksar, M. Mohamed Saleck Oumar, a salu\u00e9 les multiples r\u00e9alisations dans divers domaines de d\u00e9veloppement, soulignant l\u2019importance des installations lanc\u00e9es aujourd\u2019hui visant l\u2019am\u00e9lioration des conditions de vie des habitants des zones b\u00e9n\u00e9ficiaires des installations mentionn\u00e9es.<\/p>\n<p>Il a d\u00e9clar\u00e9 que \u2018\u2019ces projets de d\u00e9veloppement sont un exemple concret des efforts d\u00e9ploy\u00e9s par le gouvernement dans le domaine des investissements d\u2019un d\u00e9veloppement complet qui prend en compte divers domaines, qu\u2019il s\u2019agisse de la formation et de la r\u00e9habilitation des ressources humaines, de la fourniture de divers services de base, ou du lancement de projets et de programmes de d\u00e9veloppement\u201d, a \u2013 t il indiqu\u00e9.<\/p>\n<p>M. Niang a rappel\u00e9 l\u2019importance des \u00e9tablissements inaugur\u00e9s, ou ceux dont la premi\u00e8re pierre vient d\u2019\u00eatre pos\u00e9e, dont les centres de formation professionnelle, qui contribueront \u00e0 renforcer les comp\u00e9tences des jeunes et \u00e0 cr\u00e9er de nouvelles opportunit\u00e9s d\u2019emploi, notant que ces r\u00e9alisations refl\u00e8tent les inlassables efforts des plus hautes autorit\u00e9s du pays.<\/p>\n<p>La c\u00e9r\u00e9monie s\u2019est d\u00e9roul\u00e9e en pr\u00e9sence du Premier ministre, Monsieur Moctar Ould Djay, du pr\u00e9sident de l\u2019assembl\u00e9e nationale, M. Mohamed Bamba Meguett, du ministre secr\u00e9taire g\u00e9n\u00e9ral de la Pr\u00e9sidence de la R\u00e9publique, du ministre charg\u00e9 de cabinet du Pr\u00e9sident de la R\u00e9publique, des deux ministres conseillers \u00e0 la Pr\u00e9sidence de la R\u00e9publique, des membres du gouvernement, du wali de Nouakchott Ouest, du vice-pr\u00e9sident de la r\u00e9gion de Nouakchott, du hakem du Ksar, du maire de sa commune, des \u00e9lus locaux, des chefs des services militaires et de s\u00e9curit\u00e9, et des membres du corps diplomatique accr\u00e9dit\u00e9s en Mauritanie.<br \/>\nAmi<\/p>\n","protected":false},"excerpt":{"rendered":"<p>Son Excellence le Pr\u00e9sident de la R\u00e9publique, Monsieur Mohamed Ould Cheikh El Ghazouani, a inaugur\u00e9, jeudi, des installations de d\u00e9veloppement et pos\u00e9 la premi\u00e8re pierre d\u2019autres \u00e0 Nouakchott. Parmi les installations inaugur\u00e9es, ou la premi\u00e8re pierre pos\u00e9e par Son Excellence le Pr\u00e9sident de la R\u00e9publique, la construction de l\u2019Ecole de Formation Professionnelle et Technique dans &hellip;<\/p>\n","protected":false},"author":2,"featured_media":16727,"comment_status":"open","ping_status":"open","sticky":false,"template":"","format":"standard","meta":{"footnotes":""},"categories":[18,2],"tags":[],"class_list":["post-16735","post","type-post","status-publish","format-standard","has-post-thumbnail","hentry","category-actualites","category-economie"],"_links":{"self":[{"href":"https:\/\/ladepeche.mr\/index.php?rest_route=\/wp\/v2\/posts\/16735","targetHints":{"allow":["GET"]}}],"collection":[{"href":"https:\/\/ladepeche.mr\/index.php?rest_route=\/wp\/v2\/posts"}],"about":[{"href":"https:\/\/ladepeche.mr\/index.php?rest_route=\/wp\/v2\/types\/post"}],"author":[{"embeddable":true,"href":"https:\/\/ladepeche.mr\/index.php?rest_route=\/wp\/v2\/users\/2"}],"replies":[{"embeddable":true,"href":"https:\/\/ladepeche.mr\/index.php?rest_route=%2Fwp%2Fv2%2Fcomments&post=16735"}],"version-history":[{"count":1,"href":"https:\/\/ladepeche.mr\/index.php?rest_route=\/wp\/v2\/posts\/16735\/revisions"}],"predecessor-version":[{"id":16736,"href":"https:\/\/ladepeche.mr\/index.php?rest_route=\/wp\/v2\/posts\/16735\/revisions\/16736"}],"wp:featuredmedia":[{"embeddable":true,"href":"https:\/\/ladepeche.mr\/index.php?rest_route=\/wp\/v2\/media\/16727"}],"wp:attachment":[{"href":"https:\/\/ladepeche.mr\/index.php?rest_route=%2Fwp%2Fv2%2Fmedia&parent=16735"}],"wp:term":[{"taxonomy":"category","embeddable":true,"href":"https:\/\/ladepeche.mr\/index.php?rest_route=%2Fwp%2Fv2%2Fcategories&post=16735"},{"taxonomy":"post_tag","embeddable":true,"href":"https:\/\/ladepeche.mr\/index.php?rest_route=%2Fwp%2Fv2%2Ftags&post=16735"}],"curies":[{"name":"wp","href":"https:\/\/api.w.org\/{rel}","templated":true}]}}