{"id":16737,"date":"2025-07-03T17:30:09","date_gmt":"2025-07-03T17:30:09","guid":{"rendered":"https:\/\/ladepeche.mr\/?p=16737"},"modified":"2025-07-03T17:00:27","modified_gmt":"2025-07-03T17:00:27","slug":"le-ministre-de-leconomie-et-des-finances-sentretient-avec-la-secretaire-detat-espagnole-au-commerce-en-vue-de-dynamiser-la-cooperation-bilaterale","status":"publish","type":"post","link":"https:\/\/ladepeche.mr\/?p=16737","title":{"rendered":"Le ministre de l\u2019\u00c9conomie et des Finances s&#8217;entretient avec la secr\u00e9taire d\u2019\u00c9tat espagnole au Commerce en vue de dynamiser la coop\u00e9ration bilat\u00e9rale"},"content":{"rendered":"<p>Son Excellence le ministre de l\u2019\u00c9conomie et des Finances, M. Sid&#8217; Ahmed Ould Bouh, s\u2019est entretenu, mercredi \u00e0 S\u00e9ville, avec la secr\u00e9taire d\u2019\u00c9tat espagnole au Commerce, Mme Mar\u00eda Amparo L\u00f3pez Senovilla, en marge du sommet \u00e9conomique actuellement en cours dans la capitale andalouse.<\/p>\n<p>Les \u00e9changes ont port\u00e9 sur l\u2019exploration de nouvelles perspectives visant \u00e0 d\u00e9velopper les relations bilat\u00e9rales entre les deux pays, notamment dans les domaines \u00e9conomique et commercial.<br \/>\nLes deux parties ont soulign\u00e9 l\u2019importance de tirer profit des vastes opportunit\u00e9s offertes par le partenariat strat\u00e9gique entre la Mauritanie et l\u2019Espagne.<\/p>\n<p>Ils ont en particulier \u00e9voqu\u00e9 les pr\u00e9paratifs du Forum \u00e9conomique mauritano-espagnol, dont la tenue est pr\u00e9vue ce mois-ci , et qui devrait constituer un cadre privil\u00e9gi\u00e9 d\u2019\u00e9change d\u2019expertises et de pr\u00e9sentation des opportunit\u00e9s d\u2019investissement disponibles dans les deux pays.<\/p>\n<p>La rencontre s&#8217;est d\u00e9roul\u00e9e en pr\u00e9sence de l\u2019ambassadeur de Mauritanie aupr\u00e8s des Nations unies, SEM. Sidi Ould Mohamed Laghdaf.<\/p>\n<p>Ces pourparlers s\u2019inscrivent dans le cadre des efforts continus d\u00e9ploy\u00e9s par le gouvernement mauritanien pour diversifier ses partenariats \u00e9conomiques et attirer les investissements \u00e9trangers, notamment en provenance des pays europ\u00e9ens disposant d\u2019une solide expertise technique et financi\u00e8re.<br \/>\nMEF<\/p>\n","protected":false},"excerpt":{"rendered":"<p>Son Excellence le ministre de l\u2019\u00c9conomie et des Finances, M. Sid&#8217; Ahmed Ould Bouh, s\u2019est entretenu, mercredi \u00e0 S\u00e9ville, avec la secr\u00e9taire d\u2019\u00c9tat espagnole au Commerce, Mme Mar\u00eda Amparo L\u00f3pez Senovilla, en marge du sommet \u00e9conomique actuellement en cours dans la capitale andalouse. Les \u00e9changes ont port\u00e9 sur l\u2019exploration de nouvelles perspectives visant \u00e0 d\u00e9velopper &hellip;<\/p>\n","protected":false},"author":2,"featured_media":16738,"comment_status":"open","ping_status":"open","sticky":false,"template":"","format":"standard","meta":{"footnotes":""},"categories":[18,2],"tags":[],"class_list":["post-16737","post","type-post","status-publish","format-standard","has-post-thumbnail","hentry","category-actualites","category-economie"],"_links":{"self":[{"href":"https:\/\/ladepeche.mr\/index.php?rest_route=\/wp\/v2\/posts\/16737","targetHints":{"allow":["GET"]}}],"collection":[{"href":"https:\/\/ladepeche.mr\/index.php?rest_route=\/wp\/v2\/posts"}],"about":[{"href":"https:\/\/ladepeche.mr\/index.php?rest_route=\/wp\/v2\/types\/post"}],"author":[{"embeddable":true,"href":"https:\/\/ladepeche.mr\/index.php?rest_route=\/wp\/v2\/users\/2"}],"replies":[{"embeddable":true,"href":"https:\/\/ladepeche.mr\/index.php?rest_route=%2Fwp%2Fv2%2Fcomments&post=16737"}],"version-history":[{"count":1,"href":"https:\/\/ladepeche.mr\/index.php?rest_route=\/wp\/v2\/posts\/16737\/revisions"}],"predecessor-version":[{"id":16739,"href":"https:\/\/ladepeche.mr\/index.php?rest_route=\/wp\/v2\/posts\/16737\/revisions\/16739"}],"wp:featuredmedia":[{"embeddable":true,"href":"https:\/\/ladepeche.mr\/index.php?rest_route=\/wp\/v2\/media\/16738"}],"wp:attachment":[{"href":"https:\/\/ladepeche.mr\/index.php?rest_route=%2Fwp%2Fv2%2Fmedia&parent=16737"}],"wp:term":[{"taxonomy":"category","embeddable":true,"href":"https:\/\/ladepeche.mr\/index.php?rest_route=%2Fwp%2Fv2%2Fcategories&post=16737"},{"taxonomy":"post_tag","embeddable":true,"href":"https:\/\/ladepeche.mr\/index.php?rest_route=%2Fwp%2Fv2%2Ftags&post=16737"}],"curies":[{"name":"wp","href":"https:\/\/api.w.org\/{rel}","templated":true}]}}