{"id":16749,"date":"2025-07-03T22:00:40","date_gmt":"2025-07-03T22:00:40","guid":{"rendered":"https:\/\/ladepeche.mr\/?p=16749"},"modified":"2025-07-03T17:46:02","modified_gmt":"2025-07-03T17:46:02","slug":"au-mali-le-parlement-accorde-a-assimi-goita-un-mandat-de-cinq-ans-renouvelable","status":"publish","type":"post","link":"https:\/\/ladepeche.mr\/?p=16749","title":{"rendered":"Au Mali, le Parlement accorde \u00e0 Assimi Go\u00efta un mandat de cinq ans renouvelable"},"content":{"rendered":"<p>La nouvelle Charte de la transition adopt\u00e9e ce 3 juillet par le CNT doit encore \u00eatre promulgu\u00e9e par le chef de la junte lui-m\u00eame pour entrer en vigueur. Une simple formalit\u00e9.<\/p>\n<p>Le Conseil national de transition (CNT), l\u2019organe l\u00e9gislatif qui a remplac\u00e9 l\u2019Assembl\u00e9e nationale, a vot\u00e9 \u00e0 l\u2019unanimit\u00e9 le texte de la nouvelle charte de la transition, ce jeudi 3 juillet. Le texte doit d\u00e9sormais \u00eatre promulgu\u00e9 par le chef de la junte lui-m\u00eame pour entrer en vigueur, ce qui devrait \u00eatre une formalit\u00e9.<\/p>\n<p>Parmi les dispositions pr\u00e9vues, le changement de statut d\u2019Assimi Go\u00efta, actuel pr\u00e9sident de la transition, qui deviendra pr\u00e9sident de la R\u00e9publique. Il disposera d\u2019un mandat de 5 ans, renouvelable sans \u00e9lection, et sans qu\u2019aucune limite du nombre de mandat n\u2019ait \u00e9t\u00e9 fix\u00e9e. Le texte dispose \u00e9galement que le pr\u00e9sident de la R\u00e9publique, ainsi que les membres du gouvernement de transition et du CNT, pourront se porter candidats aux scrutins qui marqueront la fin de la transition.<\/p>\n<p>Pas d\u2019\u00e9lection avant 2030<br \/>\nArriv\u00e9s au pouvoir \u00e0 la suite de deux coups d\u2019\u00c9tat successifs en 2020 et 2021, les militaires s\u2019\u00e9taient engag\u00e9s \u00e0 remettre le pouvoir aux civils au plus tard en mars 2024, mais ont depuis manqu\u00e9 \u00e0 leur promesse. L\u2019adoption de ce projet de loi les maintient au pouvoir au moins jusqu\u2019en 2030 sans passer par un processus \u00e9lectoral.<\/p>\n<p>Le projet de loi vot\u00e9 par le CNT \u00e0 l\u2019unanimit\u00e9 avait auparavant \u00e9t\u00e9 adopt\u00e9 en Conseil des ministres, le 12 juin. Cette mesure vient appliquer les recommandations faites \u00e0 l\u2019issue d\u2019une concertation nationale organis\u00e9e par la junte fin avril, qui avait pr\u00e9conis\u00e9 la proclamation, sans \u00e9lection, du g\u00e9n\u00e9ral Go\u00efta pour un mandat de cinq ans renouvelable.<\/p>\n<p>\u00ab Il s\u2019agit l\u00e0 d\u2019une avanc\u00e9e majeure dans la refondation du Mali, a estim\u00e9 Malick Diaw, pr\u00e9sident du CNT. L\u2019adoption de ce texte est conforme \u00e0 la volont\u00e9 populaire, puisqu\u2019il \u00e9mane des assises nationales de la refondation. \u00bb<\/p>\n<p>\u00c0 lire Mali : ce qu\u2019il faut savoir sur Malick Diaw, pi\u00e8ce ma\u00eetresse de la junte \u00e0 la t\u00eate du CNT<\/p>\n<p>La concertation nationale \u2013 marqu\u00e9e par la pr\u00e9sence des soutiens du r\u00e9gime mais boycott\u00e9e par la plupart des formations politiques \u2013 avait \u00e9galement demand\u00e9 la dissolution des partis et des restrictions \u00e0 leur possibilit\u00e9 d\u2019en cr\u00e9er. Le 13 mai, les partis politiques ont \u00e9t\u00e9 dissous par d\u00e9cret pr\u00e9sidentiel.<\/p>\n<p>(Avec AFP)<br \/>\nhttps:\/\/www.msn.com\/fr-xl\/actualite\/other\/au-mali-assimi-go%C3%AFta-se-voit-accorder-un-mandat-de-cinq-ans-renouvelable-par-le-parlement\/ar-AA1HU4dP?ocid=msedgdhp&#038;pc=U531&#038;cvid=f677bbcb06634a5c92e8cb5d7aa40f1d&#038;ei=57<\/p>\n","protected":false},"excerpt":{"rendered":"<p>La nouvelle Charte de la transition adopt\u00e9e ce 3 juillet par le CNT doit encore \u00eatre promulgu\u00e9e par le chef de la junte lui-m\u00eame pour entrer en vigueur. Une simple formalit\u00e9. Le Conseil national de transition (CNT), l\u2019organe l\u00e9gislatif qui a remplac\u00e9 l\u2019Assembl\u00e9e nationale, a vot\u00e9 \u00e0 l\u2019unanimit\u00e9 le texte de la nouvelle charte de &hellip;<\/p>\n","protected":false},"author":2,"featured_media":1162,"comment_status":"open","ping_status":"open","sticky":false,"template":"","format":"standard","meta":{"footnotes":""},"categories":[18,29],"tags":[],"class_list":["post-16749","post","type-post","status-publish","format-standard","has-post-thumbnail","hentry","category-actualites","category-monde"],"_links":{"self":[{"href":"https:\/\/ladepeche.mr\/index.php?rest_route=\/wp\/v2\/posts\/16749","targetHints":{"allow":["GET"]}}],"collection":[{"href":"https:\/\/ladepeche.mr\/index.php?rest_route=\/wp\/v2\/posts"}],"about":[{"href":"https:\/\/ladepeche.mr\/index.php?rest_route=\/wp\/v2\/types\/post"}],"author":[{"embeddable":true,"href":"https:\/\/ladepeche.mr\/index.php?rest_route=\/wp\/v2\/users\/2"}],"replies":[{"embeddable":true,"href":"https:\/\/ladepeche.mr\/index.php?rest_route=%2Fwp%2Fv2%2Fcomments&post=16749"}],"version-history":[{"count":1,"href":"https:\/\/ladepeche.mr\/index.php?rest_route=\/wp\/v2\/posts\/16749\/revisions"}],"predecessor-version":[{"id":16750,"href":"https:\/\/ladepeche.mr\/index.php?rest_route=\/wp\/v2\/posts\/16749\/revisions\/16750"}],"wp:featuredmedia":[{"embeddable":true,"href":"https:\/\/ladepeche.mr\/index.php?rest_route=\/wp\/v2\/media\/1162"}],"wp:attachment":[{"href":"https:\/\/ladepeche.mr\/index.php?rest_route=%2Fwp%2Fv2%2Fmedia&parent=16749"}],"wp:term":[{"taxonomy":"category","embeddable":true,"href":"https:\/\/ladepeche.mr\/index.php?rest_route=%2Fwp%2Fv2%2Fcategories&post=16749"},{"taxonomy":"post_tag","embeddable":true,"href":"https:\/\/ladepeche.mr\/index.php?rest_route=%2Fwp%2Fv2%2Ftags&post=16749"}],"curies":[{"name":"wp","href":"https:\/\/api.w.org\/{rel}","templated":true}]}}